{"id":232307,"date":"2023-02-24T08:24:49","date_gmt":"2023-02-24T12:24:49","guid":{"rendered":"https:\/\/www.ocorreionews.com.br\/acervo-correio\/?p=232307"},"modified":"2023-02-24T08:24:49","modified_gmt":"2023-02-24T12:24:49","slug":"secretaria-de-saude-lanca-a-campanha-meu-bairro-livre-do-mosquito","status":"publish","type":"post","link":"https:\/\/www.ocorreionews.com.br\/acervo-correio\/?p=232307","title":{"rendered":"Secretaria de Sa\u00fade Lan\u00e7a a Campanha \u201cMEU BAIRRO LIVRE DO MOSQUITO\u201d"},"content":{"rendered":"<p>A Secretaria Municipal de Sa\u00fade atrav\u00e9s do Controle de Endemias, alerta a popula\u00e7\u00e3o para a elimina\u00e7\u00e3o dos criadouros do mosquito Aedes Aegypti, principalmente agora no per\u00edodo de chuvas mais intensas.<\/p>\n<p>Foi realizado na \u00faltima quinta-feira, 23, uma reuni\u00e3o para definir estrat\u00e9gias de trabalho em combate ao mosquito Aedes Aegypti, onde contou com a participa\u00e7\u00e3o das Vigil\u00e2ncias Sanit\u00e1ria e Epidemiol\u00f3gica, SEDEMA, Secretaria de Obras, Aten\u00e7\u00e3o B\u00e1sica de Sa\u00fade, Controle de Endemias e C\u00e2mara Municipal.<\/p>\n<p>A Campanha \u201cMeu Bairro livre do mosquito\u201d tem previs\u00e3o de in\u00edcio para a segunda semana de mar\u00e7o com dura\u00e7\u00e3o de dois meses, iniciando pelo Bairro Esplanada, e dando sequ\u00eancia para os demais.<\/p>\n<p>Os profissionais far\u00e3o a elimina\u00e7\u00e3o de criadouros e orienta\u00e7\u00f5es para a retirada de materiais inserv\u00edveis dos im\u00f3veis.<\/p>\n<p>O Executivo Municipal conta com a consci\u00eancia de toda a popula\u00e7\u00e3o, assim conseguiremos reduzir os \u00edndices de infesta\u00e7\u00e3o do mosquito e consequentemente de pessoas infectadas.<\/p>\n","protected":false},"excerpt":{"rendered":"<p>A Secretaria Municipal de Sa\u00fade atrav\u00e9s do Controle de Endemias, alerta a popula\u00e7\u00e3o para a elimina\u00e7\u00e3o dos criadouros do mosquito Aedes Aegypti, principalmente agora no per\u00edodo de chuvas mais intensas. Foi realizado na \u00faltima quinta-feira, 23, uma reuni\u00e3o para definir estrat\u00e9gias de trabalho em combate ao mosquito Aedes Aegypti, onde contou com a participa\u00e7\u00e3o das [&hellip;]<\/p>\n","protected":false},"author":4,"featured_media":232308,"comment_status":"closed","ping_status":"closed","sticky":false,"template":"","format":"standard","meta":{"footnotes":""},"categories":[23,39],"tags":[],"class_list":["post-232307","post","type-post","status-publish","format-standard","has-post-thumbnail","hentry","category-chapadao-do-sul","category-saude"],"_links":{"self":[{"href":"https:\/\/www.ocorreionews.com.br\/acervo-correio\/index.php?rest_route=\/wp\/v2\/posts\/232307","targetHints":{"allow":["GET"]}}],"collection":[{"href":"https:\/\/www.ocorreionews.com.br\/acervo-correio\/index.php?rest_route=\/wp\/v2\/posts"}],"about":[{"href":"https:\/\/www.ocorreionews.com.br\/acervo-correio\/index.php?rest_route=\/wp\/v2\/types\/post"}],"author":[{"embeddable":true,"href":"https:\/\/www.ocorreionews.com.br\/acervo-correio\/index.php?rest_route=\/wp\/v2\/users\/4"}],"replies":[{"embeddable":true,"href":"https:\/\/www.ocorreionews.com.br\/acervo-correio\/index.php?rest_route=%2Fwp%2Fv2%2Fcomments&post=232307"}],"version-history":[{"count":1,"href":"https:\/\/www.ocorreionews.com.br\/acervo-correio\/index.php?rest_route=\/wp\/v2\/posts\/232307\/revisions"}],"predecessor-version":[{"id":232309,"href":"https:\/\/www.ocorreionews.com.br\/acervo-correio\/index.php?rest_route=\/wp\/v2\/posts\/232307\/revisions\/232309"}],"wp:featuredmedia":[{"embeddable":true,"href":"https:\/\/www.ocorreionews.com.br\/acervo-correio\/index.php?rest_route=\/wp\/v2\/media\/232308"}],"wp:attachment":[{"href":"https:\/\/www.ocorreionews.com.br\/acervo-correio\/index.php?rest_route=%2Fwp%2Fv2%2Fmedia&parent=232307"}],"wp:term":[{"taxonomy":"category","embeddable":true,"href":"https:\/\/www.ocorreionews.com.br\/acervo-correio\/index.php?rest_route=%2Fwp%2Fv2%2Fcategories&post=232307"},{"taxonomy":"post_tag","embeddable":true,"href":"https:\/\/www.ocorreionews.com.br\/acervo-correio\/index.php?rest_route=%2Fwp%2Fv2%2Ftags&post=232307"}],"curies":[{"name":"wp","href":"https:\/\/api.w.org\/{rel}","templated":true}]}}