{"id":232310,"date":"2023-02-24T08:26:54","date_gmt":"2023-02-24T12:26:54","guid":{"rendered":"https:\/\/www.ocorreionews.com.br\/acervo-correio\/?p=232310"},"modified":"2023-02-24T08:26:54","modified_gmt":"2023-02-24T12:26:54","slug":"ampla-visao-riedel-acerta-ate-a-oposicao-concorda","status":"publish","type":"post","link":"https:\/\/www.ocorreionews.com.br\/acervo-correio\/?p=232310","title":{"rendered":"Ampla vis\u00e3o: Riedel acerta, at\u00e9 a oposi\u00e7\u00e3o concorda"},"content":{"rendered":"<p><strong><u>PESQUISA: <\/u><\/strong>\u00a0A politiza\u00e7\u00e3o cresceu ap\u00f3s as \u00faltimas elei\u00e7\u00f5es. As pessoas assumiram posi\u00e7\u00e3o. Em 2021, 55% dos brasileiros diziam que n\u00e3o eram nem de direita (ou de centro) e nem de esquerda. Mas em 2022 esse percentual caiu para 38% \u2013 mais brasileiros se definiram como de direta (31%) e de esquerda (17%). Portanto houve a consolida\u00e7\u00e3o do eleitorado da direita.<\/p>\n<p><strong><u>R\u00d3TULOS:<\/u><\/strong> Nesta pesquisa recente do \u2018DataSenado\u2019 os temas debatidos nas elei\u00e7\u00f5es incentivaram a tomada de posi\u00e7\u00e3o. <strong>Um dos mais influentes foi em rela\u00e7\u00e3o as quest\u00f5es de<\/strong> <strong>moral e costumes<\/strong>. Percebe-se o crescimento do antipetismo. Muita gente, antes neutra politicamente, saiu da toca e hoje exibe orgulhosamente o r\u00f3tulo de direita.<\/p>\n<p><strong><u>SOCORRO: <\/u><\/strong>\u00a0Tem raz\u00e3o o deputado Pedrossian Neto (PSD) sobre a falta de recursos\u00a0 p\u00fablicos \u00e0s entidades assistenciais e filantr\u00f3picas. Um exemplo \u00e9 a nossa Santa Casa (como todas no pa\u00eds). Como a tabela do SUS est\u00e1 h\u00e1 20 anos sem atualiza\u00e7\u00e3o, fica dif\u00edcil cobrir os custos. Lembro: a hora em que a pessoa est\u00e1 mais fragilizada \u00e9 o da doen\u00e7a.<\/p>\n<p><strong><u>O TROCO:<\/u><\/strong> \u00a0Com o centro e a direita fortalecidos, ganha apoio no Congresso a PEC que acaba com o mandato vital\u00edcio e aposentadoria aos 75 anos dos ministros do STF. A ideia \u00e9 cortar o ativismo pol\u00edtico da corte e recuperar as prerrogativas do legislativo. A mat\u00e9ria tem o aval do presidente\/senador Rodrigo Pacheco e roubar\u00e1 a cena pol\u00edtica neste ano.<\/p>\n<p><strong><u>OPOSI\u00c7\u00c3O:<\/u><\/strong> Em todos os n\u00edveis os oposicionistas dependem da postura do Governo, dos situacionistas que det\u00e9m o poder. Seria como a Terceira Lei de Newton onde <strong>toda<\/strong> <strong>a\u00e7\u00e3o corresponde a uma rea\u00e7\u00e3o de igual intensidade no sentido oposto<\/strong>. Afinal, as opini\u00f5es divergentes aquecem os debates e deles, \u00e0s vezes, afloram boas ideias e at\u00e9 solu\u00e7\u00f5es.<\/p>\n<p><strong><u>EXEMPLO:<\/u><\/strong> Quem n\u00e3o se lembra do discurso de posse de Wilson B. Martins no Governo em 1983? No lugar do convite \u00e0 oposi\u00e7\u00e3o para a reconcilia\u00e7\u00e3o em prol do Estado ainda de fraldas, acabou \u2018cutucando a on\u00e7a com vara curta\u2019 fazendo cr\u00edticas desnecess\u00e1rias ao antecessor Pedro Pedrossian.\u00a0 Essa fala foi o combust\u00edvel para fomentar a oposi\u00e7\u00e3o.<\/p>\n<p><strong><u>DIFERENTE: <\/u><\/strong>\u00a0Atento, Eduardo Riedel seguiu a cartilha de conduta de seu antecessor desde a posse. Um discurso t\u00e9cnico abrangente, sem ironias e indiretas, mostrando a import\u00e2ncia de se aproveitar o bom momento econ\u00f4mico do Estado e falando em uni\u00e3o da classe pol\u00edtica sem discrimina\u00e7\u00e3o partid\u00e1ria. Foi a ant\u00edtese de Wilson \u00a0B. Martins.<\/p>\n<p><strong><u>GRANDEZA:<\/u><\/strong> \u00a0Riedel soube neutralizar setores da oposi\u00e7\u00e3o e atraiu inclusive o PT ao Governo com cargos compat\u00edveis a voca\u00e7\u00e3o da sigla. O gesto agradou inclusive ao Pal\u00e1cio do Planalto, aprovando a conviv\u00eancia do PT com o Governo (PSDB) oposicionista em n\u00edvel nacional. Como se diz: uma coisa \u00e9 uma coisa, outra coisa \u00e9 outra coisa.<\/p>\n<p><strong><u>SINAIS:<\/u><\/strong> Nas sess\u00f5es do Legislativo \u00e9 vis\u00edvel a postura dos integrantes dos deputados petistas nas tratativas de diferentes temas. Nota-se o comprometimento do PT em deixar sua marca em setores da administra\u00e7\u00e3o do PSDB, da qual participa com cargos. N\u00e3o foi por acaso que o PT foi contemplado com cargo na mesa diretora da Assembleia.<\/p>\n<p><strong><u>MATURIDADE<\/u><\/strong>: \u00c9 vis\u00edvel nos debates da Assembleia Legislativa e a\u00e7\u00f5es do Governo. A fala pac\u00edfica e t\u00e9cnica de Riedel agrada a sociedade e advers\u00e1rios. N\u00e3o por acaso que ao aceitar o cargo de l\u00edder do Governo na Assembleia o deputado Londres deixou claro em seu pronunciamento muito aplaudido:\u00a0 <strong>\u201c N\u00e3o quero ser l\u00edder do confronto<\/strong>\u201d.<\/p>\n<p><strong><u>INDEFINI\u00c7\u00c3O:<\/u><\/strong> Deputado L\u00eddio Lopes resiste a ideia de seu \u2018Patriota\u2019 se fundir ao PTB de Delc\u00eddio do Amaral. Seu partido elegeu 4 deputados federais e o PTB s\u00f3 um. Mas juntos ultrapassariam o m\u00ednimo de 2% dos votos v\u00e1lidos no Brasil \u2013 atendendo a clausula de barreira. Sobre o seu futuro pol\u00edtico e da sua mulher Adriane, L\u00eddio disse-me que essa pauta n\u00e3o \u00e9 prioridade.<\/p>\n<p><strong><u>OBA OBA:<\/u><\/strong> Especulou-se na eventual ida de L\u00eddio e Adriane para o PP da senadora Tereza Cristina. At\u00e9 o Cl\u00e3 Trad foi muito citado como protagonista nesta parceria para 2024.\u00a0 Mas analisando friamente esse cen\u00e1rio, acho que tudo isso n\u00e3o passa de efeitos carnavalescos. \u00c9 o pessoal dando asas \u00e0 imagina\u00e7\u00e3o como no comercial do \u2018Red Ball.\u2019<\/p>\n<p><strong><u>ATTENTION PLEASE: <\/u><\/strong>\u00a0Como 2+2 \u00e9 4, as elei\u00e7\u00f5es na capital continuam decisivas para os projetos de todas lideran\u00e7as e partidos. Da\u00ed \u2013 n\u00e3o \u00e9 obra do acaso os flertes e namoros que gradativamente ganham espa\u00e7o na m\u00eddia. Os eleitores tamb\u00e9m sabem que os pol\u00edticos conversam entre si para costurar apoios, alian\u00e7as e coliga\u00e7\u00f5es. Faz parte do jogo.<\/p>\n<p><strong><u>OLHARES:<\/u><\/strong> Todas as lideran\u00e7as s\u00e3o bem-vindas quando se trata de viabilizar um nome para prefeito.\u00a0 N\u00e3o se pode discriminar ou vetar esse ou aquele nome devido a sua posi\u00e7\u00e3o no \u00faltimo pleito. H\u00e1 pol\u00edticos em crescimento e outros com cacife j\u00e1 garantido que podem decidir uma elei\u00e7\u00e3o. Ciscar para dentro ou ciscar para fora \u2013 eis a quest\u00e3o crucial.<\/p>\n<p><strong><u>CARL\u00c3O:<\/u><\/strong> Pela sua postura nas mais diferentes situa\u00e7\u00f5es o nome do presidente da C\u00e2mara Municipal de Campo Grande continua sendo o preferido como candidato a vice prefeito na maioria das candidaturas poss\u00edveis. De origem perif\u00e9rica, Carl\u00e3o \u00a0mant\u00e9m um mandato oxigenado sem perder seu estilo. Pelo visto, ele est\u00e1 acima do seu partido.<\/p>\n<p><strong><u>CURIOSIDADES:<\/u><\/strong> Pindamonhangaba \u00e9 forte politicamente com os filhos da terra. Se n\u00e3o \u00e9 Alckmin que tentou 2 vezes o Planalto, \u00e9 Ciro Gomes postulante por 4 vezes. Das 37 mulheres de chefes de Governo (imp\u00e9rio e Rep\u00fablica) apenas 4 delas fizeram curso\u00a0 superior: Rosane Collor, Ruth Cardoso, Marcela Temer e a atual 1\u00aa. dama Janja.<\/p>\n<p><strong><u>DI\u00c1LOGO:<\/u><\/strong> Lula seguir\u00e1 o exemplo de JK? Eleito por 35,6% dos votos JK uniu todos os brasileiros que se sentiram mais orgulhosos. Para os observadores, Lula precisa selar um pacto de paz que v\u00e1 al\u00e9m dos seus eleitores e chegue a quem o rejeite. Precisa tolerar, dialogar, conviver com advers\u00e1rios. Falas amargas s\u00f3 radicalizam os 58 milh\u00f5es de \u00a0eleitores antipetistas.<\/p>\n<p><strong><u>INCLUS\u00c3O:<\/u><\/strong> Oportuna a proposta do deputado Jamilson Name (PSDB) em promover a inclus\u00e3o de alunos (inclusive idosos) no mundo digital. Pede que a FIEMS amplie seu \u2018Projeto 60+\u201d para todos os munic\u00edpios, proporcionando independ\u00eancia aos que tem dificuldades com as tarefas b\u00e1sicas como manusear programas e aplicativos na internet.<\/p>\n<p><strong><u>CARN\u00cdVOROS:<\/u><\/strong> No pr\u00f3ximo churrasco lembre-se. O pre\u00e7o\/KG da nossa carne bovina \u00e9 R$41,87, menor que no Chile (R$58,00) e Uruguai (R$56,00), atr\u00e1s do Peru (R$35,69) e Argentina (R$32,27). \u00a0A Su\u00ed\u00e7a tem a carne mais cara do mundo; R$200,00, seguida pelo L\u00edbano (R$193,00. Ocupamos o 78\u00ba lugar no mundo, a \u00cdndia em 100\u00ba lugar (29,00).<\/p>\n<p><strong><u>PILULAS DIGITAIS:<\/u><\/strong><\/p>\n<p><strong>Chora, Xand\u00e3o. Foragido \u00e9 seu \u2018forevis\u2019.<\/strong> (bloqueiro Allan dos Santos)<\/p>\n<p><strong>N\u00e3o quero ser l\u00edder do confronto.<\/strong> (Deputado Londres Machado)<\/p>\n<p><strong>N\u00famero de minist\u00e9rios e o incha\u00e7o da m\u00e1quina assustam.<\/strong> (Deputado federal Rafael Sim\u00f5es, Uni\u00e3o Brasil MG)<\/p>\n<p><strong>Vem buscar minha arma aqui, seu merda!<\/strong> (deputado Sargento Fahur ao ministro Flavio Dino)<\/p>\n<p><strong>O ser humano, tal como o imaginamos, n\u00e3o existe<\/strong>. \u00a0( Nelson Rodrigues)<\/p>\n<p><strong>\u00c9 f\u00e1cil ensinar economia ao papagaio. Bastam duas palavras: oferta e demanda<\/strong>. (Paul Samuelson)<\/p>\n<p><strong>Cal\u00edgula foi o precursor nomeando seu cavalo Senador de Roma. <\/strong>(no facebook)<\/p>\n<p><strong>A cada agress\u00e3o, Vinicius Jr. responde com gols, dribles e dan\u00e7as. <\/strong>(Ruy Castro)<\/p>\n<p><strong>Sinuca? Nem de brincadeira. <\/strong>(no facebook)<\/p>\n","protected":false},"excerpt":{"rendered":"<p>PESQUISA: \u00a0A politiza\u00e7\u00e3o cresceu ap\u00f3s as \u00faltimas elei\u00e7\u00f5es. As pessoas assumiram posi\u00e7\u00e3o. Em 2021, 55% dos brasileiros diziam que n\u00e3o eram nem de direita (ou de centro) e nem de esquerda. Mas em 2022 esse percentual caiu para 38% \u2013 mais brasileiros se definiram como de direta (31%) e de esquerda (17%). Portanto houve a [&hellip;]<\/p>\n","protected":false},"author":4,"featured_media":172463,"comment_status":"closed","ping_status":"closed","sticky":false,"template":"","format":"standard","meta":{"footnotes":""},"categories":[37],"tags":[],"class_list":["post-232310","post","type-post","status-publish","format-standard","has-post-thumbnail","hentry","category-politica"],"_links":{"self":[{"href":"https:\/\/www.ocorreionews.com.br\/acervo-correio\/index.php?rest_route=\/wp\/v2\/posts\/232310","targetHints":{"allow":["GET"]}}],"collection":[{"href":"https:\/\/www.ocorreionews.com.br\/acervo-correio\/index.php?rest_route=\/wp\/v2\/posts"}],"about":[{"href":"https:\/\/www.ocorreionews.com.br\/acervo-correio\/index.php?rest_route=\/wp\/v2\/types\/post"}],"author":[{"embeddable":true,"href":"https:\/\/www.ocorreionews.com.br\/acervo-correio\/index.php?rest_route=\/wp\/v2\/users\/4"}],"replies":[{"embeddable":true,"href":"https:\/\/www.ocorreionews.com.br\/acervo-correio\/index.php?rest_route=%2Fwp%2Fv2%2Fcomments&post=232310"}],"version-history":[{"count":1,"href":"https:\/\/www.ocorreionews.com.br\/acervo-correio\/index.php?rest_route=\/wp\/v2\/posts\/232310\/revisions"}],"predecessor-version":[{"id":232312,"href":"https:\/\/www.ocorreionews.com.br\/acervo-correio\/index.php?rest_route=\/wp\/v2\/posts\/232310\/revisions\/232312"}],"wp:featuredmedia":[{"embeddable":true,"href":"https:\/\/www.ocorreionews.com.br\/acervo-correio\/index.php?rest_route=\/wp\/v2\/media\/172463"}],"wp:attachment":[{"href":"https:\/\/www.ocorreionews.com.br\/acervo-correio\/index.php?rest_route=%2Fwp%2Fv2%2Fmedia&parent=232310"}],"wp:term":[{"taxonomy":"category","embeddable":true,"href":"https:\/\/www.ocorreionews.com.br\/acervo-correio\/index.php?rest_route=%2Fwp%2Fv2%2Fcategories&post=232310"},{"taxonomy":"post_tag","embeddable":true,"href":"https:\/\/www.ocorreionews.com.br\/acervo-correio\/index.php?rest_route=%2Fwp%2Fv2%2Ftags&post=232310"}],"curies":[{"name":"wp","href":"https:\/\/api.w.org\/{rel}","templated":true}]}}