{"id":232313,"date":"2023-02-24T08:38:46","date_gmt":"2023-02-24T12:38:46","guid":{"rendered":"https:\/\/www.ocorreionews.com.br\/acervo-correio\/?p=232313"},"modified":"2023-02-24T08:38:46","modified_gmt":"2023-02-24T12:38:46","slug":"municipio-teve-a-equipe-da-cruz-vermelha-brasileira-durante-o-apt-folia-2023","status":"publish","type":"post","link":"https:\/\/www.ocorreionews.com.br\/acervo-correio\/?p=232313","title":{"rendered":"Munic\u00edpio teve a equipe da Cruz Vermelha Brasileira durante o APT FOLIA 2023"},"content":{"rendered":"<div class=\"ntc_cont_descricao_noticia sw_txteditor\">\n<p>Aparecida do Taboado est\u00e1 recebeu uma equipe de socorristas da Cruz Vermelha Brasileira,\u00a0 durante as 5 noites de carnaval no APT FOLIA 2023.<\/p>\n<p>A solicita\u00e7\u00e3o de parceria foi feita pela secret\u00e1ria de Sa\u00fade, Daiane Pupin, ao n\u00facleo da Cruz Vermelha Brasileira de Chapad\u00e3o do Sul, que atua na regi\u00e3o Costa Leste do Estado, a qual Aparecida do Taboado est\u00e1 inserida.<\/p>\n<figure id=\"attachment_232319\" aria-describedby=\"caption-attachment-232319\" style=\"width: 800px\" class=\"wp-caption alignnone\"><a href=\"https:\/\/www.ocorreionews.com.br\/acervo-correio\/wp-content\/uploads\/2023\/02\/cvb-em-Ap-taboado.jpg\"><img loading=\"lazy\" decoding=\"async\" class=\"wp-image-232319 size-full\" src=\"https:\/\/www.ocorreionews.com.br\/acervo-correio\/wp-content\/uploads\/2023\/02\/cvb-em-Ap-taboado.jpg\" alt=\"\" width=\"800\" height=\"639\" srcset=\"https:\/\/www.ocorreionews.com.br\/acervo-correio\/wp-content\/uploads\/2023\/02\/cvb-em-Ap-taboado.jpg 800w, https:\/\/www.ocorreionews.com.br\/acervo-correio\/wp-content\/uploads\/2023\/02\/cvb-em-Ap-taboado-300x240.jpg 300w, https:\/\/www.ocorreionews.com.br\/acervo-correio\/wp-content\/uploads\/2023\/02\/cvb-em-Ap-taboado-768x613.jpg 768w\" sizes=\"auto, (max-width: 800px) 100vw, 800px\" \/><\/a><figcaption id=\"caption-attachment-232319\" class=\"wp-caption-text\">Secret\u00e1ria de Sa\u00fade Daiane e sua equipe recebendo os socorrista da CVBMS<\/figcaption><\/figure>\n<figure id=\"attachment_232321\" aria-describedby=\"caption-attachment-232321\" style=\"width: 800px\" class=\"wp-caption alignnone\"><a href=\"https:\/\/www.ocorreionews.com.br\/acervo-correio\/wp-content\/uploads\/2023\/02\/cvb-em-Ap-taboado3.jpg\"><img loading=\"lazy\" decoding=\"async\" class=\"wp-image-232321 size-full\" src=\"https:\/\/www.ocorreionews.com.br\/acervo-correio\/wp-content\/uploads\/2023\/02\/cvb-em-Ap-taboado3.jpg\" alt=\"\" width=\"800\" height=\"599\" srcset=\"https:\/\/www.ocorreionews.com.br\/acervo-correio\/wp-content\/uploads\/2023\/02\/cvb-em-Ap-taboado3.jpg 800w, https:\/\/www.ocorreionews.com.br\/acervo-correio\/wp-content\/uploads\/2023\/02\/cvb-em-Ap-taboado3-300x225.jpg 300w, https:\/\/www.ocorreionews.com.br\/acervo-correio\/wp-content\/uploads\/2023\/02\/cvb-em-Ap-taboado3-768x575.jpg 768w, https:\/\/www.ocorreionews.com.br\/acervo-correio\/wp-content\/uploads\/2023\/02\/cvb-em-Ap-taboado3-86x64.jpg 86w\" sizes=\"auto, (max-width: 800px) 100vw, 800px\" \/><\/a><figcaption id=\"caption-attachment-232321\" class=\"wp-caption-text\">Diretor da funda\u00e7\u00e3o de sa\u00fade, recebeu a equipe da CVBMS<\/figcaption><\/figure>\n<p>A equipe foi composta por 4 socorristas altamente capacitados para prestar os primeiros atendimentos em casos de urg\u00eancia e emerg\u00eancia, e atuou em conjunto com a equipe de enfermagem da Secretaria de Sa\u00fade no evento.<\/p>\n<p>Conforme destacou a secret\u00e1ria Daiane Pupin, \u00e9 importante refor\u00e7ar a equipe em datas como esta e a parceria com a Cruz Vermelha Brasileira s\u00f3 vem refor\u00e7ar o compromisso da Administra\u00e7\u00e3o com a sa\u00fade da popula\u00e7\u00e3o, oferecendo atendimento especializado aos foli\u00f5es que necessitarem de primeiros socorros.<\/p>\n<p>No local, a Secretaria de Sa\u00fade manteve uma ambul\u00e2ncia \u00e0 disposi\u00e7\u00e3o e oferecer\u00e1 informa\u00e7\u00f5es e orienta\u00e7\u00f5es atrav\u00e9s de uma equipe de preven\u00e7\u00e3o, com entrega de preservativos masculino e feminino, lubrificantes e material informativo. \u201c\u00c9 preciso curtir o carnaval com responsabilidade. Ent\u00e3o estaremos l\u00e1, levando atendimento e orienta\u00e7\u00e3o aos nossos foli\u00f5es\u201d, comentou Daiane.<\/p>\n<p>O prefeito Jos\u00e9 Natan, acompanhado do secret\u00e1rio de Governo, Ber Galter, fez quest\u00e3o de recepcionar a equipe da Cruz Vermelha Brasileira, agradecendo por terem atendido ao pedido do Munic\u00edpio e destacando a import\u00e2ncia de t\u00ea-los no APT FOLIA 2023,<\/p>\n<\/div>\n<div class=\"ntc_area_info_noticia sw_lato\">\n<div>\n<div class=\"ntc_info_noticia\"><strong class=\"sw_lato_black\">Fonte: <\/strong>FOTOS: DICOM<\/div>\n<div class=\"ntc_info_noticia\"><strong class=\"sw_lato_black\">Autor: <\/strong>Camila Helem de Jesus &#8211; Diretoria de Comunica\u00e7\u00e3o<\/div>\n<\/div>\n<\/div>\n","protected":false},"excerpt":{"rendered":"<p>Aparecida do Taboado est\u00e1 recebeu uma equipe de socorristas da Cruz Vermelha Brasileira,\u00a0 durante as 5 noites de carnaval no APT FOLIA 2023. A solicita\u00e7\u00e3o de parceria foi feita pela secret\u00e1ria de Sa\u00fade, Daiane Pupin, ao n\u00facleo da Cruz Vermelha Brasileira de Chapad\u00e3o do Sul, que atua na regi\u00e3o Costa Leste do Estado, a qual [&hellip;]<\/p>\n","protected":false},"author":4,"featured_media":232320,"comment_status":"closed","ping_status":"closed","sticky":false,"template":"","format":"standard","meta":{"footnotes":""},"categories":[27,37],"tags":[],"class_list":["post-232313","post","type-post","status-publish","format-standard","has-post-thumbnail","hentry","category-educacao","category-politica"],"_links":{"self":[{"href":"https:\/\/www.ocorreionews.com.br\/acervo-correio\/index.php?rest_route=\/wp\/v2\/posts\/232313","targetHints":{"allow":["GET"]}}],"collection":[{"href":"https:\/\/www.ocorreionews.com.br\/acervo-correio\/index.php?rest_route=\/wp\/v2\/posts"}],"about":[{"href":"https:\/\/www.ocorreionews.com.br\/acervo-correio\/index.php?rest_route=\/wp\/v2\/types\/post"}],"author":[{"embeddable":true,"href":"https:\/\/www.ocorreionews.com.br\/acervo-correio\/index.php?rest_route=\/wp\/v2\/users\/4"}],"replies":[{"embeddable":true,"href":"https:\/\/www.ocorreionews.com.br\/acervo-correio\/index.php?rest_route=%2Fwp%2Fv2%2Fcomments&post=232313"}],"version-history":[{"count":1,"href":"https:\/\/www.ocorreionews.com.br\/acervo-correio\/index.php?rest_route=\/wp\/v2\/posts\/232313\/revisions"}],"predecessor-version":[{"id":232323,"href":"https:\/\/www.ocorreionews.com.br\/acervo-correio\/index.php?rest_route=\/wp\/v2\/posts\/232313\/revisions\/232323"}],"wp:featuredmedia":[{"embeddable":true,"href":"https:\/\/www.ocorreionews.com.br\/acervo-correio\/index.php?rest_route=\/wp\/v2\/media\/232320"}],"wp:attachment":[{"href":"https:\/\/www.ocorreionews.com.br\/acervo-correio\/index.php?rest_route=%2Fwp%2Fv2%2Fmedia&parent=232313"}],"wp:term":[{"taxonomy":"category","embeddable":true,"href":"https:\/\/www.ocorreionews.com.br\/acervo-correio\/index.php?rest_route=%2Fwp%2Fv2%2Fcategories&post=232313"},{"taxonomy":"post_tag","embeddable":true,"href":"https:\/\/www.ocorreionews.com.br\/acervo-correio\/index.php?rest_route=%2Fwp%2Fv2%2Ftags&post=232313"}],"curies":[{"name":"wp","href":"https:\/\/api.w.org\/{rel}","templated":true}]}}