{"id":232324,"date":"2023-02-24T08:46:47","date_gmt":"2023-02-24T12:46:47","guid":{"rendered":"https:\/\/www.ocorreionews.com.br\/acervo-correio\/?p=232324"},"modified":"2023-02-24T08:46:47","modified_gmt":"2023-02-24T12:46:47","slug":"costa-rica-frota-escolar-inicia-ano-letivo-revisada-vistoriada-no-detran-e-os-motoristas-capacitados","status":"publish","type":"post","link":"https:\/\/www.ocorreionews.com.br\/acervo-correio\/?p=232324","title":{"rendered":"Costa Rica: Frota escolar inicia ano letivo revisada, vistoriada no Detran e os motoristas capacitados"},"content":{"rendered":"<div class=\"ntc_cont_descricao_noticia sw_txteditor\">O in\u00edcio do ano letivo que marca a volta \u00e0s aulas dos estudantes da REME (Rede Municipal de Ensino) de Costa Rica, come\u00e7ou com os ve\u00edculos (\u00f4nibus, micro-\u00f4nibus e vans) que comp\u00f5em a frota do transporte escolar revisada, 100% vistoriada e aprovada pelo Detran\/MS e com os motoristas capacitados.<\/p>\n<p>Atualmente a frota \u00e9 composta por 34 \u00f4nibus, micro-\u00f4nibus e 3 vans que atendem 29 linhas nos hor\u00e1rios de entrada e sa\u00edda de alunos, no per\u00edodo da manh\u00e3 e da tarde. Cada ve\u00edculo passou por manuten\u00e7\u00e3o completa com revis\u00e3o de parte el\u00e9trica e mec\u00e2nica, reparos de lataria e alguns itens de sinaliza\u00e7\u00e3o visual.<\/p>\n<p>Durante a capacita\u00e7\u00e3o dos motoristas, foram discutidos temas como manuten\u00e7\u00e3o preventiva, rela\u00e7\u00e3o interpessoal com os alunos e respons\u00e1veis, preserva\u00e7\u00e3o do patrim\u00f4nio p\u00fablico e rotas a serem feitas com a frota pr\u00f3pria da Prefeitura.<\/p>\n<p>\u201cNo in\u00edcio das aulas sempre temos esse cuidado, com uma vistoria geral dos ve\u00edculos e tamb\u00e9m com a capacita\u00e7\u00e3o de motoristas que realizam o transporte dos nossos alunos. \u00c9 uma quest\u00e3o de seguran\u00e7a e bem-estar, porque a nossa gest\u00e3o trata dessa situa\u00e7\u00e3o como um pai trata um filho\u201d, disse o prefeito Cleverson Alves.<\/p>\n<p>\u201cTodos passaram por orienta\u00e7\u00f5es para o in\u00edcio do transporte escolar do ano letivo de 2023. O objetivo \u00e9 preparar esses profissionais para a volta \u00e0s aulas da rede municipal e estadual que utilizam nosso sistema de transporte. A seguran\u00e7a no transporte de nossos alunos \u00e9 uma das nossas prioridades e disso n\u00e3o abrimos m\u00e3o\u201d, disse a secret\u00e1ria de Educa\u00e7\u00e3o, Maria Almeida.\n<\/p><\/div>\n<div class=\"ntc_area_info_noticia sw_lato\">\n<div>\n<div class=\"ntc_info_noticia\"><strong class=\"sw_lato_black\">Fonte: <\/strong>Assessoria de Comunica\u00e7\u00e3o &#8211; PMCR<\/div>\n<\/div>\n<\/div>\n","protected":false},"excerpt":{"rendered":"<p>O in\u00edcio do ano letivo que marca a volta \u00e0s aulas dos estudantes da REME (Rede Municipal de Ensino) de Costa Rica, come\u00e7ou com os ve\u00edculos (\u00f4nibus, micro-\u00f4nibus e vans) que comp\u00f5em a frota do transporte escolar revisada, 100% vistoriada e aprovada pelo Detran\/MS e com os motoristas capacitados. Atualmente a frota \u00e9 composta por [&hellip;]<\/p>\n","protected":false},"author":4,"featured_media":232327,"comment_status":"closed","ping_status":"closed","sticky":false,"template":"","format":"standard","meta":{"footnotes":""},"categories":[25],"tags":[],"class_list":["post-232324","post","type-post","status-publish","format-standard","has-post-thumbnail","hentry","category-costa-rica"],"_links":{"self":[{"href":"https:\/\/www.ocorreionews.com.br\/acervo-correio\/index.php?rest_route=\/wp\/v2\/posts\/232324","targetHints":{"allow":["GET"]}}],"collection":[{"href":"https:\/\/www.ocorreionews.com.br\/acervo-correio\/index.php?rest_route=\/wp\/v2\/posts"}],"about":[{"href":"https:\/\/www.ocorreionews.com.br\/acervo-correio\/index.php?rest_route=\/wp\/v2\/types\/post"}],"author":[{"embeddable":true,"href":"https:\/\/www.ocorreionews.com.br\/acervo-correio\/index.php?rest_route=\/wp\/v2\/users\/4"}],"replies":[{"embeddable":true,"href":"https:\/\/www.ocorreionews.com.br\/acervo-correio\/index.php?rest_route=%2Fwp%2Fv2%2Fcomments&post=232324"}],"version-history":[{"count":1,"href":"https:\/\/www.ocorreionews.com.br\/acervo-correio\/index.php?rest_route=\/wp\/v2\/posts\/232324\/revisions"}],"predecessor-version":[{"id":232328,"href":"https:\/\/www.ocorreionews.com.br\/acervo-correio\/index.php?rest_route=\/wp\/v2\/posts\/232324\/revisions\/232328"}],"wp:featuredmedia":[{"embeddable":true,"href":"https:\/\/www.ocorreionews.com.br\/acervo-correio\/index.php?rest_route=\/wp\/v2\/media\/232327"}],"wp:attachment":[{"href":"https:\/\/www.ocorreionews.com.br\/acervo-correio\/index.php?rest_route=%2Fwp%2Fv2%2Fmedia&parent=232324"}],"wp:term":[{"taxonomy":"category","embeddable":true,"href":"https:\/\/www.ocorreionews.com.br\/acervo-correio\/index.php?rest_route=%2Fwp%2Fv2%2Fcategories&post=232324"},{"taxonomy":"post_tag","embeddable":true,"href":"https:\/\/www.ocorreionews.com.br\/acervo-correio\/index.php?rest_route=%2Fwp%2Fv2%2Ftags&post=232324"}],"curies":[{"name":"wp","href":"https:\/\/api.w.org\/{rel}","templated":true}]}}