{"id":232330,"date":"2023-02-24T08:50:54","date_gmt":"2023-02-24T12:50:54","guid":{"rendered":"https:\/\/www.ocorreionews.com.br\/acervo-correio\/?p=232330"},"modified":"2023-02-24T08:50:54","modified_gmt":"2023-02-24T12:50:54","slug":"prefeitura-de-paraiso-das-aguas-contrata-nova-medica-para-atuar-no-pam-pronto-atendimento-medico","status":"publish","type":"post","link":"https:\/\/www.ocorreionews.com.br\/acervo-correio\/?p=232330","title":{"rendered":"Prefeitura de Para\u00edso das \u00c1guas contrata nova m\u00e9dica para atuar no PAM- Pronto Atendimento M\u00e9dico"},"content":{"rendered":"<div class=\"leitura\">\n<p>Tomou posse nesta quinta-feira, dia 23 de fevereiro a m\u00e9dica Gabrielly Zanini que vai compor a equipe de profissionais que atuam na sa\u00fade p\u00fablica do munic\u00edpio de Para\u00edso das \u00c1guas.<\/p>\n<p>A nova profissional come\u00e7a suas atividades no munic\u00edpio hoje, sexta-feira, dia 24 de fevereiro no PAM- Pronto Atendimento M\u00e9dico.<\/p>\n<p>A cl\u00ednica geral esteve reunida com prefeito An\u00edzio Andrade, com o secret\u00e1rio de sa\u00fade Ueder de Paula e com a enfermeira, coordenadora do PAM, Vanessa Barroso, que deram as boas-vindas a nova contratada e desejaram sucesso nessa nova jornada.<\/p>\n<p>A m\u00e9dica vai atuar no Pronto Atendimento M\u00e9dico Laurentina Correa Leite,\u00a0localizado na Rua Sabino Rodrigues de Menezes, 171.<\/p>\n<p>ASSECOM- Prefeitura Municipal de Para\u00edso das \u00c1guas- MS<\/p>\n<\/div>\n","protected":false},"excerpt":{"rendered":"<p>Tomou posse nesta quinta-feira, dia 23 de fevereiro a m\u00e9dica Gabrielly Zanini que vai compor a equipe de profissionais que atuam na sa\u00fade p\u00fablica do munic\u00edpio de Para\u00edso das \u00c1guas. A nova profissional come\u00e7a suas atividades no munic\u00edpio hoje, sexta-feira, dia 24 de fevereiro no PAM- Pronto Atendimento M\u00e9dico. A cl\u00ednica geral esteve reunida com [&hellip;]<\/p>\n","protected":false},"author":5,"featured_media":232331,"comment_status":"closed","ping_status":"closed","sticky":false,"template":"","format":"standard","meta":{"footnotes":""},"categories":[41,36],"tags":[],"class_list":["post-232330","post","type-post","status-publish","format-standard","has-post-thumbnail","hentry","category-destaque","category-paraiso-das-aguas"],"_links":{"self":[{"href":"https:\/\/www.ocorreionews.com.br\/acervo-correio\/index.php?rest_route=\/wp\/v2\/posts\/232330","targetHints":{"allow":["GET"]}}],"collection":[{"href":"https:\/\/www.ocorreionews.com.br\/acervo-correio\/index.php?rest_route=\/wp\/v2\/posts"}],"about":[{"href":"https:\/\/www.ocorreionews.com.br\/acervo-correio\/index.php?rest_route=\/wp\/v2\/types\/post"}],"author":[{"embeddable":true,"href":"https:\/\/www.ocorreionews.com.br\/acervo-correio\/index.php?rest_route=\/wp\/v2\/users\/5"}],"replies":[{"embeddable":true,"href":"https:\/\/www.ocorreionews.com.br\/acervo-correio\/index.php?rest_route=%2Fwp%2Fv2%2Fcomments&post=232330"}],"version-history":[{"count":1,"href":"https:\/\/www.ocorreionews.com.br\/acervo-correio\/index.php?rest_route=\/wp\/v2\/posts\/232330\/revisions"}],"predecessor-version":[{"id":232332,"href":"https:\/\/www.ocorreionews.com.br\/acervo-correio\/index.php?rest_route=\/wp\/v2\/posts\/232330\/revisions\/232332"}],"wp:featuredmedia":[{"embeddable":true,"href":"https:\/\/www.ocorreionews.com.br\/acervo-correio\/index.php?rest_route=\/wp\/v2\/media\/232331"}],"wp:attachment":[{"href":"https:\/\/www.ocorreionews.com.br\/acervo-correio\/index.php?rest_route=%2Fwp%2Fv2%2Fmedia&parent=232330"}],"wp:term":[{"taxonomy":"category","embeddable":true,"href":"https:\/\/www.ocorreionews.com.br\/acervo-correio\/index.php?rest_route=%2Fwp%2Fv2%2Fcategories&post=232330"},{"taxonomy":"post_tag","embeddable":true,"href":"https:\/\/www.ocorreionews.com.br\/acervo-correio\/index.php?rest_route=%2Fwp%2Fv2%2Ftags&post=232330"}],"curies":[{"name":"wp","href":"https:\/\/api.w.org\/{rel}","templated":true}]}}