{"id":232381,"date":"2023-02-24T13:58:43","date_gmt":"2023-02-24T17:58:43","guid":{"rendered":"https:\/\/www.ocorreionews.com.br\/acervo-correio\/?p=232381"},"modified":"2023-02-24T14:01:17","modified_gmt":"2023-02-24T18:01:17","slug":"legislativo-de-alcinopolis-divulga-pautas-previstas-para-as-proximas-sessoes-ordinarias","status":"publish","type":"post","link":"https:\/\/www.ocorreionews.com.br\/acervo-correio\/?p=232381","title":{"rendered":"Legislativo de Alcin\u00f3polis divulga pautas previstas para as pr\u00f3ximas Sess\u00f5es Ordin\u00e1rias"},"content":{"rendered":"<p class=\"x_MsoNormal\">Duas sess\u00f5es Ordin\u00e1rias est\u00e3o programadas para acontecerem no dia 27 de fevereiro, no \u201cPlen\u00e1rio Adolfo Alves Carneiro\u201d. As duas marcam o rein\u00edcio das realiza\u00e7\u00f5es de Sess\u00f5es Ordin\u00e1rias e reunir\u00e3o os vereadores de Alcin\u00f3polis.<\/p>\n<p class=\"x_MsoNormal\">A primeira Sess\u00e3o, prevista para come\u00e7ar \u00e0s 09h00, tem como pauta, de autoria do Legislativo Municipal, a apresenta\u00e7\u00e3o da indica\u00e7\u00e3o n\u00ba 001\/23, de autoria da vereadora Isabel do Zezinho (MDB), sugerindo a limpeza da Pra\u00e7a Adevina Cris\u00f3stomo da Silva; ser\u00e1 apresentado e votado, ainda, o Projeto de Resolu\u00e7\u00e3o n\u00ba 001\/23, que institui as comiss\u00f5es permanentes.<\/p>\n<p class=\"x_MsoNormal\">O Legislativo apresentar\u00e1, tamb\u00e9m, o demonstrativo da presta\u00e7\u00e3o de contas, referente ao m\u00eas de dezembro de 2022.<\/p>\n<p class=\"x_MsoNormal\">A segunda Sess\u00e3o Ordin\u00e1ria est\u00e1 prevista para come\u00e7ar \u00e0s 13h00, e tem como pauta a apresenta\u00e7\u00e3o e vota\u00e7\u00e3o do Projeto de Resolu\u00e7\u00e3o n\u00ba 002\/23, de autoria do Legislativo Municipal, que institui as verbas indenizat\u00f3rias.<\/p>\n<p class=\"x_MsoNormal\">Ambas Sess\u00f5es ser\u00e3o transmitidas pelas m\u00eddias sociais oficiais do Poder Legislativo Municipal, atrav\u00e9s de Live, e pela R\u00e1dio Educativa FM.<i><\/i><\/p>\n<p class=\"x_MsoNormal\"><i>Assessoria de Comunica\u00e7\u00e3o \u2013 ASCOM<\/i><\/p>\n<p class=\"x_MsoNormal\"><i>Jornalista Bruna Souza<\/i><\/p>\n","protected":false},"excerpt":{"rendered":"<p>Duas sess\u00f5es Ordin\u00e1rias est\u00e3o programadas para acontecerem no dia 27 de fevereiro, no \u201cPlen\u00e1rio Adolfo Alves Carneiro\u201d. As duas marcam o rein\u00edcio das realiza\u00e7\u00f5es de Sess\u00f5es Ordin\u00e1rias e reunir\u00e3o os vereadores de Alcin\u00f3polis. A primeira Sess\u00e3o, prevista para come\u00e7ar \u00e0s 09h00, tem como pauta, de autoria do Legislativo Municipal, a apresenta\u00e7\u00e3o da indica\u00e7\u00e3o n\u00ba 001\/23, [&hellip;]<\/p>\n","protected":false},"author":4,"featured_media":232384,"comment_status":"closed","ping_status":"closed","sticky":false,"template":"","format":"standard","meta":{"footnotes":""},"categories":[18,20],"tags":[],"class_list":["post-232381","post","type-post","status-publish","format-standard","has-post-thumbnail","hentry","category-alcinopolis","category-camara-municipal"],"_links":{"self":[{"href":"https:\/\/www.ocorreionews.com.br\/acervo-correio\/index.php?rest_route=\/wp\/v2\/posts\/232381","targetHints":{"allow":["GET"]}}],"collection":[{"href":"https:\/\/www.ocorreionews.com.br\/acervo-correio\/index.php?rest_route=\/wp\/v2\/posts"}],"about":[{"href":"https:\/\/www.ocorreionews.com.br\/acervo-correio\/index.php?rest_route=\/wp\/v2\/types\/post"}],"author":[{"embeddable":true,"href":"https:\/\/www.ocorreionews.com.br\/acervo-correio\/index.php?rest_route=\/wp\/v2\/users\/4"}],"replies":[{"embeddable":true,"href":"https:\/\/www.ocorreionews.com.br\/acervo-correio\/index.php?rest_route=%2Fwp%2Fv2%2Fcomments&post=232381"}],"version-history":[{"count":1,"href":"https:\/\/www.ocorreionews.com.br\/acervo-correio\/index.php?rest_route=\/wp\/v2\/posts\/232381\/revisions"}],"predecessor-version":[{"id":232386,"href":"https:\/\/www.ocorreionews.com.br\/acervo-correio\/index.php?rest_route=\/wp\/v2\/posts\/232381\/revisions\/232386"}],"wp:featuredmedia":[{"embeddable":true,"href":"https:\/\/www.ocorreionews.com.br\/acervo-correio\/index.php?rest_route=\/wp\/v2\/media\/232384"}],"wp:attachment":[{"href":"https:\/\/www.ocorreionews.com.br\/acervo-correio\/index.php?rest_route=%2Fwp%2Fv2%2Fmedia&parent=232381"}],"wp:term":[{"taxonomy":"category","embeddable":true,"href":"https:\/\/www.ocorreionews.com.br\/acervo-correio\/index.php?rest_route=%2Fwp%2Fv2%2Fcategories&post=232381"},{"taxonomy":"post_tag","embeddable":true,"href":"https:\/\/www.ocorreionews.com.br\/acervo-correio\/index.php?rest_route=%2Fwp%2Fv2%2Ftags&post=232381"}],"curies":[{"name":"wp","href":"https:\/\/api.w.org\/{rel}","templated":true}]}}