{"id":232626,"date":"2023-02-28T03:30:03","date_gmt":"2023-02-28T07:30:03","guid":{"rendered":"https:\/\/www.ocorreionews.com.br\/acervo-correio\/?p=232626"},"modified":"2023-02-28T03:30:03","modified_gmt":"2023-02-28T07:30:03","slug":"alcinopolis-sera-destaque-no-programa-natureza-ms-da-tv-morena","status":"publish","type":"post","link":"https:\/\/www.ocorreionews.com.br\/acervo-correio\/?p=232626","title":{"rendered":"Alcin\u00f3polis ser\u00e1 destaque no &#8220;programa + Natureza MS&#8221; da TV Morena"},"content":{"rendered":"<div class=\"x11i5rnm xat24cr x1mh8g0r x1vvkbs xtlvy1s x126k92a\">\n<div dir=\"auto\">o Prefeito Dalmy Cris\u00f3stomo, juntamente do Secret\u00e1rio de Desenvolvimento, Nahur Tito e do Secret\u00e1rio de Educa\u00e7\u00e3o, Cultura e Desporto, Jesus Aparecido recepcionaram um grupo de pesquisadores e professores da UFMS e MuArq, da cidade de Campo Grande e tamb\u00e9m a equipe da TV Morena, do programa \u201cMais Natureza\u201d.<\/div>\n<div dir=\"auto\">Alcin\u00f3polis faz parte do Projeto \u201cTrilha Rupestre\u201d, que tem como objetivo promover o desenvolvimento sustent\u00e1vel, atrav\u00e9s da agricultura familiar e turismo local.<\/div>\n<div dir=\"auto\">As cidades que fazem parte da trilha s\u00e3o Alcin\u00f3polis, Rio Verde de MT e Rio Negro, cidades estas que possuem s\u00edtios arqueol\u00f3gicos, pinturas rupestres.<\/div>\n<div dir=\"auto\">A comitiva fez visita\u00e7\u00f5es na Gruta do Barro Branco, Gruta do Pitoco, Gruta da Mesa de Pedra e Trilha do P\u00f4r do Sol. As Unidades de Conserva\u00e7\u00e3o visitadas, cont\u00e9m uma grande quantidade de artes rupestres que retratam como era a vida e o dia a dia dos povos que residiram na regi\u00e3o h\u00e1 mais de 10.000 anos.<\/div>\n<div dir=\"auto\">Esses s\u00edtios arqueol\u00f3gicos s\u00e3o um patrim\u00f4nio hist\u00f3rico e precisam ser protegidos e conservados, para que a hist\u00f3ria da humanidade n\u00e3o se perca.<\/div>\n<div dir=\"auto\">O Prefeito Dalmy Cris\u00f3stomo \u00e9 um amante da arqueologia e vem trabalhando, juntamente com a equipe da Secretaria de Desenvolvimento, para preservar nossos s\u00edtios. Prova disso, s\u00e3o as benfeitorias que foram realizadas nos locais, como escadarias e rampas que facilitam o acesso dos visitantes.<\/div>\n<div dir=\"auto\">O ex-vereador Marcos Ant\u00f4nio \u201cMarc\u00e3o\u201d Foi contemplado pelo FIC \u2013 Fundo de Investimento Cultural &#8211; e FCMS \u2013 Funda\u00e7\u00e3o Cultural de Mato Grosso do Sul com o Projeto do livro \u201cAlcin\u00f3polis: Uma Galeria Natural da Arte Rupestre&#8221;. Esse projeto tem incentivado Marc\u00e3o a buscar e mapear novos s\u00edtios e grutas arqueol\u00f3gicos. O livro ser\u00e1 lan\u00e7ado no m\u00eas de outubro\/2023, na semana municipal da Arte Rupestre. Marc\u00e3o est\u00e1 empolgado com seu projeto e se sente lisonjeado, por estar realizando um sonho. Ele \u00e9 o primeiro cidad\u00e3o alcinopolense a ter um livro publicado, falando sobre as riquezas rupestres de nosso munic\u00edpio. Vale lembrar que existem livros que fala sobre nossa arqueologia, por\u00e9m os autores n\u00e3o s\u00e3o de Alcin\u00f3polis. Para finalizar, Marc\u00e3o disse que est\u00e1 realizando a Expedi\u00e7\u00e3o Arqueol\u00f3gica, visando localizar novos s\u00edtios e grutas.<\/div>\n<div dir=\"auto\">Participaram da Trilha Rupestre:<\/div>\n<div dir=\"auto\">Prefeito: Dalmy Cris\u00f3stomo da Silva<\/div>\n<div dir=\"auto\">Secret\u00e1rio de Desenvolvimento: Nahur Tito<\/div>\n<div dir=\"auto\">Secret\u00e1rio de Educa\u00e7\u00e3o: Jesus Aparecido<\/div>\n<div dir=\"auto\">Diretora de populariza\u00e7\u00e3o da Ci\u00eancia\/arque\u00f3loga e coordenadora: Lia Raquel Toledo Brambilla Gasques<\/div>\n<div dir=\"auto\">T\u00e9cnica administrativa da Trilha: Naiade Valenzuela Alc\u00e2ntara<\/div>\n<div dir=\"auto\">Coordenadora do Museu de arqueologia\/antrop\u00f3loga\/ eixo arqueologia: Laura Roseli Pael Duarte<\/div>\n<div dir=\"auto\">Expedi\u00e7\u00e3o Arqueol\u00f3gica: Marcos Ant\u00f4nio dos Reis \u201cMarc\u00e3o\u201d<\/div>\n<div dir=\"auto\">Professora engenharia de alimentos\/ coordenadora eixo alimentos\/ eixo alimentos:<\/div>\n<div dir=\"auto\">Raquel Pires Campos<\/div>\n<div dir=\"auto\">Professora visitante qu\u00edmica\/ eixo qu\u00edmica: \u00c9rica Luiz dos Santos<\/div>\n<div dir=\"auto\">Professora Geologia coordenadora do eixo paleontologia: Sandra Garcia Gabas<\/div>\n<div dir=\"auto\">T\u00e9cnicos da TV Morena: Bruno Batista e Ariovaldo Dantas<\/div>\n<div dir=\"auto\">Professora da qu\u00edmica Coordenadora do Eixo qu\u00edmica: N\u00eddia Cristiane Yoshida<\/div>\n<div dir=\"auto\">Professor da Hist\u00f3ria \/ eixo arqueologia: Carlos Eduardo da Costa Campos<\/div>\n<div dir=\"auto\">Professor da Qu\u00edmica \/Coordenador administrativo: Ivo Leite Filho<\/div>\n<div dir=\"auto\">Rep\u00f3rter TV Morena: Thain\u00e1 Oliveira<\/div>\n<div dir=\"auto\">Servidores P\u00fablicos: Erciliomar Furquim, Edilson Cottonet<\/div>\n<\/div>\n<p><a href=\"https:\/\/www.ocorreionews.com.br\/acervo-correio\/wp-content\/uploads\/2023\/02\/dalmy-visita-fgrutas.png\"><img loading=\"lazy\" decoding=\"async\" class=\"alignnone size-full wp-image-232627\" src=\"https:\/\/www.ocorreionews.com.br\/acervo-correio\/wp-content\/uploads\/2023\/02\/dalmy-visita-fgrutas.png\" alt=\"\" width=\"935\" height=\"957\" srcset=\"https:\/\/www.ocorreionews.com.br\/acervo-correio\/wp-content\/uploads\/2023\/02\/dalmy-visita-fgrutas.png 935w, https:\/\/www.ocorreionews.com.br\/acervo-correio\/wp-content\/uploads\/2023\/02\/dalmy-visita-fgrutas-293x300.png 293w, https:\/\/www.ocorreionews.com.br\/acervo-correio\/wp-content\/uploads\/2023\/02\/dalmy-visita-fgrutas-768x786.png 768w\" sizes=\"auto, (max-width: 935px) 100vw, 935px\" \/><\/a> <a href=\"https:\/\/www.ocorreionews.com.br\/acervo-correio\/wp-content\/uploads\/2023\/02\/gravacao-grutas.jpg\"><img loading=\"lazy\" decoding=\"async\" class=\"alignnone size-full wp-image-232628\" src=\"https:\/\/www.ocorreionews.com.br\/acervo-correio\/wp-content\/uploads\/2023\/02\/gravacao-grutas.jpg\" alt=\"\" width=\"2048\" height=\"946\" srcset=\"https:\/\/www.ocorreionews.com.br\/acervo-correio\/wp-content\/uploads\/2023\/02\/gravacao-grutas.jpg 2048w, https:\/\/www.ocorreionews.com.br\/acervo-correio\/wp-content\/uploads\/2023\/02\/gravacao-grutas-300x139.jpg 300w, https:\/\/www.ocorreionews.com.br\/acervo-correio\/wp-content\/uploads\/2023\/02\/gravacao-grutas-1024x473.jpg 1024w, https:\/\/www.ocorreionews.com.br\/acervo-correio\/wp-content\/uploads\/2023\/02\/gravacao-grutas-768x355.jpg 768w, https:\/\/www.ocorreionews.com.br\/acervo-correio\/wp-content\/uploads\/2023\/02\/gravacao-grutas-1536x710.jpg 1536w\" sizes=\"auto, (max-width: 2048px) 100vw, 2048px\" \/><\/a> <a href=\"https:\/\/www.ocorreionews.com.br\/acervo-correio\/wp-content\/uploads\/2023\/02\/gravacao-grutas2.jpg\"><img loading=\"lazy\" decoding=\"async\" class=\"alignnone size-full wp-image-232629\" src=\"https:\/\/www.ocorreionews.com.br\/acervo-correio\/wp-content\/uploads\/2023\/02\/gravacao-grutas2.jpg\" alt=\"\" width=\"2048\" height=\"946\" srcset=\"https:\/\/www.ocorreionews.com.br\/acervo-correio\/wp-content\/uploads\/2023\/02\/gravacao-grutas2.jpg 2048w, https:\/\/www.ocorreionews.com.br\/acervo-correio\/wp-content\/uploads\/2023\/02\/gravacao-grutas2-300x139.jpg 300w, https:\/\/www.ocorreionews.com.br\/acervo-correio\/wp-content\/uploads\/2023\/02\/gravacao-grutas2-1024x473.jpg 1024w, https:\/\/www.ocorreionews.com.br\/acervo-correio\/wp-content\/uploads\/2023\/02\/gravacao-grutas2-768x355.jpg 768w, https:\/\/www.ocorreionews.com.br\/acervo-correio\/wp-content\/uploads\/2023\/02\/gravacao-grutas2-1536x710.jpg 1536w\" sizes=\"auto, (max-width: 2048px) 100vw, 2048px\" \/><\/a> <a href=\"https:\/\/www.ocorreionews.com.br\/acervo-correio\/wp-content\/uploads\/2023\/02\/gravacao-grutas3.jpg\"><img loading=\"lazy\" decoding=\"async\" class=\"alignnone size-full wp-image-232630\" src=\"https:\/\/www.ocorreionews.com.br\/acervo-correio\/wp-content\/uploads\/2023\/02\/gravacao-grutas3.jpg\" alt=\"\" width=\"2048\" height=\"946\" srcset=\"https:\/\/www.ocorreionews.com.br\/acervo-correio\/wp-content\/uploads\/2023\/02\/gravacao-grutas3.jpg 2048w, https:\/\/www.ocorreionews.com.br\/acervo-correio\/wp-content\/uploads\/2023\/02\/gravacao-grutas3-300x139.jpg 300w, https:\/\/www.ocorreionews.com.br\/acervo-correio\/wp-content\/uploads\/2023\/02\/gravacao-grutas3-1024x473.jpg 1024w, https:\/\/www.ocorreionews.com.br\/acervo-correio\/wp-content\/uploads\/2023\/02\/gravacao-grutas3-768x355.jpg 768w, https:\/\/www.ocorreionews.com.br\/acervo-correio\/wp-content\/uploads\/2023\/02\/gravacao-grutas3-1536x710.jpg 1536w\" sizes=\"auto, (max-width: 2048px) 100vw, 2048px\" \/><\/a> <a href=\"https:\/\/www.ocorreionews.com.br\/acervo-correio\/wp-content\/uploads\/2023\/02\/gravacao-grutas4.jpg\"><img loading=\"lazy\" decoding=\"async\" class=\"alignnone size-full wp-image-232631\" src=\"https:\/\/www.ocorreionews.com.br\/acervo-correio\/wp-content\/uploads\/2023\/02\/gravacao-grutas4.jpg\" alt=\"\" width=\"946\" height=\"2048\" srcset=\"https:\/\/www.ocorreionews.com.br\/acervo-correio\/wp-content\/uploads\/2023\/02\/gravacao-grutas4.jpg 946w, https:\/\/www.ocorreionews.com.br\/acervo-correio\/wp-content\/uploads\/2023\/02\/gravacao-grutas4-139x300.jpg 139w, https:\/\/www.ocorreionews.com.br\/acervo-correio\/wp-content\/uploads\/2023\/02\/gravacao-grutas4-473x1024.jpg 473w, https:\/\/www.ocorreionews.com.br\/acervo-correio\/wp-content\/uploads\/2023\/02\/gravacao-grutas4-768x1663.jpg 768w, https:\/\/www.ocorreionews.com.br\/acervo-correio\/wp-content\/uploads\/2023\/02\/gravacao-grutas4-710x1536.jpg 710w\" sizes=\"auto, (max-width: 946px) 100vw, 946px\" \/><\/a><\/p>\n<div class=\"x11i5rnm xat24cr x1mh8g0r x1vvkbs xtlvy1s x126k92a\">\n<div dir=\"auto\">Fonte\/fotos: Assecom\/Prefeitura de Alcin\u00f3polis\/Simone Nogueira<\/div>\n<\/div>\n","protected":false},"excerpt":{"rendered":"<p>o Prefeito Dalmy Cris\u00f3stomo, juntamente do Secret\u00e1rio de Desenvolvimento, Nahur Tito e do Secret\u00e1rio de Educa\u00e7\u00e3o, Cultura e Desporto, Jesus Aparecido recepcionaram um grupo de pesquisadores e professores da UFMS e MuArq, da cidade de Campo Grande e tamb\u00e9m a equipe da TV Morena, do programa \u201cMais Natureza\u201d. Alcin\u00f3polis faz parte do Projeto \u201cTrilha Rupestre\u201d, [&hellip;]<\/p>\n","protected":false},"author":4,"featured_media":232632,"comment_status":"closed","ping_status":"closed","sticky":false,"template":"","format":"standard","meta":{"footnotes":""},"categories":[18],"tags":[],"class_list":["post-232626","post","type-post","status-publish","format-standard","has-post-thumbnail","hentry","category-alcinopolis"],"_links":{"self":[{"href":"https:\/\/www.ocorreionews.com.br\/acervo-correio\/index.php?rest_route=\/wp\/v2\/posts\/232626","targetHints":{"allow":["GET"]}}],"collection":[{"href":"https:\/\/www.ocorreionews.com.br\/acervo-correio\/index.php?rest_route=\/wp\/v2\/posts"}],"about":[{"href":"https:\/\/www.ocorreionews.com.br\/acervo-correio\/index.php?rest_route=\/wp\/v2\/types\/post"}],"author":[{"embeddable":true,"href":"https:\/\/www.ocorreionews.com.br\/acervo-correio\/index.php?rest_route=\/wp\/v2\/users\/4"}],"replies":[{"embeddable":true,"href":"https:\/\/www.ocorreionews.com.br\/acervo-correio\/index.php?rest_route=%2Fwp%2Fv2%2Fcomments&post=232626"}],"version-history":[{"count":1,"href":"https:\/\/www.ocorreionews.com.br\/acervo-correio\/index.php?rest_route=\/wp\/v2\/posts\/232626\/revisions"}],"predecessor-version":[{"id":232633,"href":"https:\/\/www.ocorreionews.com.br\/acervo-correio\/index.php?rest_route=\/wp\/v2\/posts\/232626\/revisions\/232633"}],"wp:featuredmedia":[{"embeddable":true,"href":"https:\/\/www.ocorreionews.com.br\/acervo-correio\/index.php?rest_route=\/wp\/v2\/media\/232632"}],"wp:attachment":[{"href":"https:\/\/www.ocorreionews.com.br\/acervo-correio\/index.php?rest_route=%2Fwp%2Fv2%2Fmedia&parent=232626"}],"wp:term":[{"taxonomy":"category","embeddable":true,"href":"https:\/\/www.ocorreionews.com.br\/acervo-correio\/index.php?rest_route=%2Fwp%2Fv2%2Fcategories&post=232626"},{"taxonomy":"post_tag","embeddable":true,"href":"https:\/\/www.ocorreionews.com.br\/acervo-correio\/index.php?rest_route=%2Fwp%2Fv2%2Ftags&post=232626"}],"curies":[{"name":"wp","href":"https:\/\/api.w.org\/{rel}","templated":true}]}}