{"id":232634,"date":"2023-02-28T03:33:55","date_gmt":"2023-02-28T07:33:55","guid":{"rendered":"https:\/\/www.ocorreionews.com.br\/acervo-correio\/?p=232634"},"modified":"2023-02-28T03:33:55","modified_gmt":"2023-02-28T07:33:55","slug":"vereadores-de-alcinopolis-aprova-projeto-de-verba-indenizatoria-a-servidores","status":"publish","type":"post","link":"https:\/\/www.ocorreionews.com.br\/acervo-correio\/?p=232634","title":{"rendered":"Vereadores de Alcin\u00f3polis aprova, projeto de verba indenizat\u00f3ria a servidores"},"content":{"rendered":"<p>os vereadores reuniram-se para a realiza\u00e7\u00e3o de mais uma Sess\u00e3o Ordin\u00e1ria do ano, no plen\u00e1rio Adolfo Alves Carneiro.<\/p>\n<p>Um dos destaques desta Sess\u00e3o foi a apresenta\u00e7\u00e3o e vota\u00e7\u00e3o da Resolu\u00e7\u00e3o n\u00ba 002\/23, de autoria do Legislativo municipal, que institui as verbas indenizat\u00f3rias. Este sendo aprovado com unanimidade dos votos dos vereadores presentes.<\/p>\n<p>Ainda nessa Sess\u00e3o, o Legislativo apresentou o demonstrativo da presta\u00e7\u00e3o de contas, referente ao m\u00eas de janeiro de 2023.<\/p>\n<p>Mesmo com as portas abertas ao p\u00fablico, as sess\u00f5es s\u00e3o transmitidas pelas m\u00eddias sociais oficiais do Poder Legislativo Municipal, atrav\u00e9s de Live, e pela R\u00e1dio Educativa FM. A pr\u00f3xima sess\u00e3o ordin\u00e1ria est\u00e1 prevista para o dia 06 de mar\u00e7o, \u00e0s 09h00.<\/p>\n<p>Bruna Souza &#8211; Assessoria de comunica\u00e7\u00e3o<\/p>\n","protected":false},"excerpt":{"rendered":"<p>os vereadores reuniram-se para a realiza\u00e7\u00e3o de mais uma Sess\u00e3o Ordin\u00e1ria do ano, no plen\u00e1rio Adolfo Alves Carneiro. Um dos destaques desta Sess\u00e3o foi a apresenta\u00e7\u00e3o e vota\u00e7\u00e3o da Resolu\u00e7\u00e3o n\u00ba 002\/23, de autoria do Legislativo municipal, que institui as verbas indenizat\u00f3rias. Este sendo aprovado com unanimidade dos votos dos vereadores presentes. Ainda nessa Sess\u00e3o, [&hellip;]<\/p>\n","protected":false},"author":4,"featured_media":232601,"comment_status":"closed","ping_status":"closed","sticky":false,"template":"","format":"standard","meta":{"footnotes":""},"categories":[18,20],"tags":[],"class_list":["post-232634","post","type-post","status-publish","format-standard","has-post-thumbnail","hentry","category-alcinopolis","category-camara-municipal"],"_links":{"self":[{"href":"https:\/\/www.ocorreionews.com.br\/acervo-correio\/index.php?rest_route=\/wp\/v2\/posts\/232634","targetHints":{"allow":["GET"]}}],"collection":[{"href":"https:\/\/www.ocorreionews.com.br\/acervo-correio\/index.php?rest_route=\/wp\/v2\/posts"}],"about":[{"href":"https:\/\/www.ocorreionews.com.br\/acervo-correio\/index.php?rest_route=\/wp\/v2\/types\/post"}],"author":[{"embeddable":true,"href":"https:\/\/www.ocorreionews.com.br\/acervo-correio\/index.php?rest_route=\/wp\/v2\/users\/4"}],"replies":[{"embeddable":true,"href":"https:\/\/www.ocorreionews.com.br\/acervo-correio\/index.php?rest_route=%2Fwp%2Fv2%2Fcomments&post=232634"}],"version-history":[{"count":1,"href":"https:\/\/www.ocorreionews.com.br\/acervo-correio\/index.php?rest_route=\/wp\/v2\/posts\/232634\/revisions"}],"predecessor-version":[{"id":232635,"href":"https:\/\/www.ocorreionews.com.br\/acervo-correio\/index.php?rest_route=\/wp\/v2\/posts\/232634\/revisions\/232635"}],"wp:featuredmedia":[{"embeddable":true,"href":"https:\/\/www.ocorreionews.com.br\/acervo-correio\/index.php?rest_route=\/wp\/v2\/media\/232601"}],"wp:attachment":[{"href":"https:\/\/www.ocorreionews.com.br\/acervo-correio\/index.php?rest_route=%2Fwp%2Fv2%2Fmedia&parent=232634"}],"wp:term":[{"taxonomy":"category","embeddable":true,"href":"https:\/\/www.ocorreionews.com.br\/acervo-correio\/index.php?rest_route=%2Fwp%2Fv2%2Fcategories&post=232634"},{"taxonomy":"post_tag","embeddable":true,"href":"https:\/\/www.ocorreionews.com.br\/acervo-correio\/index.php?rest_route=%2Fwp%2Fv2%2Ftags&post=232634"}],"curies":[{"name":"wp","href":"https:\/\/api.w.org\/{rel}","templated":true}]}}