{"id":232715,"date":"2023-02-28T13:52:34","date_gmt":"2023-02-28T17:52:34","guid":{"rendered":"https:\/\/www.ocorreionews.com.br\/acervo-correio\/?p=232715"},"modified":"2023-02-28T13:52:34","modified_gmt":"2023-02-28T17:52:34","slug":"prefeitura-de-alcinopolis-concluiu-reforma-de-ponte-de-madeira","status":"publish","type":"post","link":"https:\/\/www.ocorreionews.com.br\/acervo-correio\/?p=232715","title":{"rendered":"Prefeitura de Alcin\u00f3polis  concluiu reforma de ponte de madeira"},"content":{"rendered":"<div dir=\"auto\">A Prefeitura Municipal de Alcinopolis, atrav\u00e9s da Secretaria de Obras, concluiu o servi\u00e7o de reforma da ponte de madeira sobre o c\u00f3rrego Barro Preto, na regi\u00e3o do Rio Jauru.<\/div>\n<div dir=\"auto\"><\/div>\n<div dir=\"auto\">A ponte d\u00e1 acesso \u00e0s propriedades do Senhor Onofre, Luis Ant\u00f4nio Dias de Souza, Joelma Martins Fran\u00e7a e Valter Roniz Dias de Souza.<\/div>\n<div dir=\"auto\">Devido \u00e0 grande quantidade de chuvas na regi\u00e3o, a ponte teve sua estrutura comprometida e os moradores estavam com dificuldades de acesso.<\/div>\n<div dir=\"auto\">A conclus\u00e3o da obra facilita o acesso \u00e0 regi\u00e3o e o escoamento da sua produ\u00e7\u00e3o.<\/div>\n<div dir=\"auto\"><\/div>\n<div dir=\"auto\">O Prefeito Dalmy Cris\u00f3stomo da Silva e o Vice-prefeito Valter Roniz, acompanharam a entrega de referida ponte.<\/div>\n<div dir=\"auto\"><a href=\"https:\/\/www.ocorreionews.com.br\/acervo-correio\/wp-content\/uploads\/2023\/02\/reforma-da-ponte.jpg\"><img loading=\"lazy\" decoding=\"async\" class=\"alignnone size-full wp-image-232716\" src=\"https:\/\/www.ocorreionews.com.br\/acervo-correio\/wp-content\/uploads\/2023\/02\/reforma-da-ponte.jpg\" alt=\"\" width=\"1200\" height=\"1200\" srcset=\"https:\/\/www.ocorreionews.com.br\/acervo-correio\/wp-content\/uploads\/2023\/02\/reforma-da-ponte.jpg 1200w, https:\/\/www.ocorreionews.com.br\/acervo-correio\/wp-content\/uploads\/2023\/02\/reforma-da-ponte-300x300.jpg 300w, https:\/\/www.ocorreionews.com.br\/acervo-correio\/wp-content\/uploads\/2023\/02\/reforma-da-ponte-1024x1024.jpg 1024w, https:\/\/www.ocorreionews.com.br\/acervo-correio\/wp-content\/uploads\/2023\/02\/reforma-da-ponte-150x150.jpg 150w, https:\/\/www.ocorreionews.com.br\/acervo-correio\/wp-content\/uploads\/2023\/02\/reforma-da-ponte-768x768.jpg 768w\" sizes=\"auto, (max-width: 1200px) 100vw, 1200px\" \/><\/a><\/div>\n","protected":false},"excerpt":{"rendered":"<p>A Prefeitura Municipal de Alcinopolis, atrav\u00e9s da Secretaria de Obras, concluiu o servi\u00e7o de reforma da ponte de madeira sobre o c\u00f3rrego Barro Preto, na regi\u00e3o do Rio Jauru. A ponte d\u00e1 acesso \u00e0s propriedades do Senhor Onofre, Luis Ant\u00f4nio Dias de Souza, Joelma Martins Fran\u00e7a e Valter Roniz Dias de Souza. Devido \u00e0 grande [&hellip;]<\/p>\n","protected":false},"author":4,"featured_media":232717,"comment_status":"closed","ping_status":"closed","sticky":false,"template":"","format":"standard","meta":{"footnotes":""},"categories":[18],"tags":[],"class_list":["post-232715","post","type-post","status-publish","format-standard","has-post-thumbnail","hentry","category-alcinopolis"],"_links":{"self":[{"href":"https:\/\/www.ocorreionews.com.br\/acervo-correio\/index.php?rest_route=\/wp\/v2\/posts\/232715","targetHints":{"allow":["GET"]}}],"collection":[{"href":"https:\/\/www.ocorreionews.com.br\/acervo-correio\/index.php?rest_route=\/wp\/v2\/posts"}],"about":[{"href":"https:\/\/www.ocorreionews.com.br\/acervo-correio\/index.php?rest_route=\/wp\/v2\/types\/post"}],"author":[{"embeddable":true,"href":"https:\/\/www.ocorreionews.com.br\/acervo-correio\/index.php?rest_route=\/wp\/v2\/users\/4"}],"replies":[{"embeddable":true,"href":"https:\/\/www.ocorreionews.com.br\/acervo-correio\/index.php?rest_route=%2Fwp%2Fv2%2Fcomments&post=232715"}],"version-history":[{"count":1,"href":"https:\/\/www.ocorreionews.com.br\/acervo-correio\/index.php?rest_route=\/wp\/v2\/posts\/232715\/revisions"}],"predecessor-version":[{"id":232720,"href":"https:\/\/www.ocorreionews.com.br\/acervo-correio\/index.php?rest_route=\/wp\/v2\/posts\/232715\/revisions\/232720"}],"wp:featuredmedia":[{"embeddable":true,"href":"https:\/\/www.ocorreionews.com.br\/acervo-correio\/index.php?rest_route=\/wp\/v2\/media\/232717"}],"wp:attachment":[{"href":"https:\/\/www.ocorreionews.com.br\/acervo-correio\/index.php?rest_route=%2Fwp%2Fv2%2Fmedia&parent=232715"}],"wp:term":[{"taxonomy":"category","embeddable":true,"href":"https:\/\/www.ocorreionews.com.br\/acervo-correio\/index.php?rest_route=%2Fwp%2Fv2%2Fcategories&post=232715"},{"taxonomy":"post_tag","embeddable":true,"href":"https:\/\/www.ocorreionews.com.br\/acervo-correio\/index.php?rest_route=%2Fwp%2Fv2%2Ftags&post=232715"}],"curies":[{"name":"wp","href":"https:\/\/api.w.org\/{rel}","templated":true}]}}