{"id":232832,"date":"2023-03-01T13:11:33","date_gmt":"2023-03-01T17:11:33","guid":{"rendered":"https:\/\/www.ocorreionews.com.br\/acervo-correio\/?p=232832"},"modified":"2023-03-01T13:11:33","modified_gmt":"2023-03-01T17:11:33","slug":"ifms-abre-26-vagas-para-especializacao-em-estrategias-para-conservacao-da-natureza","status":"publish","type":"post","link":"https:\/\/www.ocorreionews.com.br\/acervo-correio\/?p=232832","title":{"rendered":"IFMS abre 26 vagas para Especializa\u00e7\u00e3o em Estrat\u00e9gias para Conserva\u00e7\u00e3o da Natureza"},"content":{"rendered":"<div class=\"ntc_cont_descricao_noticia sw_txteditor\">\n<div>COSTA RICA &#8211; A partir da pr\u00f3xima sexta-feira (3), est\u00e3o abertas as inscri\u00e7\u00f5es do processo seletivo para o Curso de Especializa\u00e7\u00e3o em Estrat\u00e9gias para Conserva\u00e7\u00e3o da Natureza, na modalidade Educa\u00e7\u00e3o a Dist\u00e2ncia, via Sistema UAB (Universidade Aberta do Brasil), ofertado pelo IFMS (Instituto Federal de Educa\u00e7\u00e3o, Ci\u00eancia e Tecnologia de Mato Grosso do Sul). Em Costa Rica, s\u00e3o oferecidas 26 vagas para a p\u00f3s-gradua\u00e7\u00e3o destinada, prioritariamente, a docentes da educa\u00e7\u00e3o b\u00e1sica.<\/p>\n<p>As inscri\u00e7\u00f5es gratuitas seguem abertas at\u00e9 o dia 26 de mar\u00e7o e dever\u00e3o ser realizadas,\u00a0exclusivamente, via internet na\u00a0<a href=\"https:\/\/selecao.ifms.edu.br\/\">Central de Sele\u00e7\u00e3o do IFMS<\/a>. Caso o candidato n\u00e3o tenha acesso \u00e0 internet, poder\u00e1 comparecer no Polo UAB Costa Rica, localizado na Escola Municipal C\u00edvico-Militar Prof. Adenocre Alexandre de Morais, de segunda a sexta-feira em hor\u00e1rio comercial, para fazer a inscri\u00e7\u00e3o.<\/p>\n<p>Segundo a coordenadora do Polo UAB Costa Rica, Miltes Gaspar, o curso tem como objetivo formar especialistas em estrat\u00e9gias para conserva\u00e7\u00e3o e prote\u00e7\u00e3o da natureza, capacitados para analisar e intervir no territ\u00f3rio nacional de forma conjunta com diferentes atores e organiza\u00e7\u00f5es, promovendo uma gest\u00e3o integrada da biodiversidade, com base nos conhecimentos cient\u00edficos e legais e nos princ\u00edpios da educa\u00e7\u00e3o ambiental.<\/p>\n<p>Realizado no prazo de\u00a018 a 24 meses, o curso ser\u00e1 ofertado pelo Centro de Refer\u00eancia em Tecnologias Educacionais e Educa\u00e7\u00e3o a Dist\u00e2ncia (CREaD), com carga hor\u00e1ria de\u00a0400 horas, acrescidas de\u00a060 horas\u00a0de Trabalho de Conclus\u00e3o de Curso (TCC), organizado na modalidade de Educa\u00e7\u00e3o \u00e0 Dist\u00e2ncia (EaD), no Ambiente Virtual de Ensino e Aprendizagem (AVEA), atrav\u00e9s da plataforma\u00a0<em>Moodle<\/em>.<\/p>\n<p>Para acessar o edital completo basta <a href=\"https:\/\/selecao.ifms.edu.br\/perfil\/estudantes\/edital-no-016-2023-especializacao-em-estrategias-para-conservacao-da-natureza-na-modalidade-educacao-a-distancia-via-sistema-universidade-aberta-do-brasil\">clicar aqui<\/a>.<\/p>\n<p><strong>Sele\u00e7\u00e3o<\/strong><br \/>\nO Processo Seletivo ocorrer\u00e1 por meio de\u00a0SORTEIO ELETR\u00d4NICO, que visa selecionar e classificar todos os candidatos com inscri\u00e7\u00f5es homologadas.<\/p>\n<p>O sorteio\u00a0ocorrer\u00e1 de forma\u00a0<em>on-line<\/em>\u00a0e ser\u00e1 transmitido ao vivo pelo\u00a0<em>Youtube,<\/em>\u00a0\u00e0s 10h<strong>,<\/strong> no dia\u00a030 de mar\u00e7o<strong>.\u00a0<\/strong><\/p>\n<p>Vale ressaltar que caso haja vagas remanescentes, elas poder\u00e3o ser ocupadas pelos demais profissionais da educa\u00e7\u00e3o b\u00e1sica que atuem nas fun\u00e7\u00f5es administrativas ou do ensino superior. Caso n\u00famero de inscri\u00e7\u00f5es homologadas seja menor que o n\u00famero de vagas ofertadas, n\u00e3o haver\u00e1 sorteio, visto que todos os candidatos ser\u00e3o convocados para matr\u00edcula na Primeira Chamada.<\/p>\n<p>A Divulga\u00e7\u00e3o do resultado preliminar do sorteio, com a classifica\u00e7\u00e3o de todos os candidatos ser\u00e1 divulgada no dia 4 de abril e o in\u00edcio das aulas est\u00e1 previsto para o dia 26 do mesmo m\u00eas.\n<\/p><\/div>\n<\/div>\n<div class=\"ntc_area_info_noticia sw_lato\">\n<div>\n<div class=\"ntc_info_noticia\"><strong class=\"sw_lato_black\">Fonte: <\/strong>Assessoria de Comunica\u00e7\u00e3o<\/div>\n<div class=\"ntc_info_noticia\"><strong class=\"sw_lato_black\">Autor: <\/strong>Angela Bezerra<\/div>\n<\/div>\n<\/div>\n","protected":false},"excerpt":{"rendered":"<p>COSTA RICA &#8211; A partir da pr\u00f3xima sexta-feira (3), est\u00e3o abertas as inscri\u00e7\u00f5es do processo seletivo para o Curso de Especializa\u00e7\u00e3o em Estrat\u00e9gias para Conserva\u00e7\u00e3o da Natureza, na modalidade Educa\u00e7\u00e3o a Dist\u00e2ncia, via Sistema UAB (Universidade Aberta do Brasil), ofertado pelo IFMS (Instituto Federal de Educa\u00e7\u00e3o, Ci\u00eancia e Tecnologia de Mato Grosso do Sul). Em [&hellip;]<\/p>\n","protected":false},"author":4,"featured_media":232833,"comment_status":"closed","ping_status":"closed","sticky":false,"template":"","format":"standard","meta":{"footnotes":""},"categories":[25],"tags":[],"class_list":["post-232832","post","type-post","status-publish","format-standard","has-post-thumbnail","hentry","category-costa-rica"],"_links":{"self":[{"href":"https:\/\/www.ocorreionews.com.br\/acervo-correio\/index.php?rest_route=\/wp\/v2\/posts\/232832","targetHints":{"allow":["GET"]}}],"collection":[{"href":"https:\/\/www.ocorreionews.com.br\/acervo-correio\/index.php?rest_route=\/wp\/v2\/posts"}],"about":[{"href":"https:\/\/www.ocorreionews.com.br\/acervo-correio\/index.php?rest_route=\/wp\/v2\/types\/post"}],"author":[{"embeddable":true,"href":"https:\/\/www.ocorreionews.com.br\/acervo-correio\/index.php?rest_route=\/wp\/v2\/users\/4"}],"replies":[{"embeddable":true,"href":"https:\/\/www.ocorreionews.com.br\/acervo-correio\/index.php?rest_route=%2Fwp%2Fv2%2Fcomments&post=232832"}],"version-history":[{"count":1,"href":"https:\/\/www.ocorreionews.com.br\/acervo-correio\/index.php?rest_route=\/wp\/v2\/posts\/232832\/revisions"}],"predecessor-version":[{"id":232834,"href":"https:\/\/www.ocorreionews.com.br\/acervo-correio\/index.php?rest_route=\/wp\/v2\/posts\/232832\/revisions\/232834"}],"wp:featuredmedia":[{"embeddable":true,"href":"https:\/\/www.ocorreionews.com.br\/acervo-correio\/index.php?rest_route=\/wp\/v2\/media\/232833"}],"wp:attachment":[{"href":"https:\/\/www.ocorreionews.com.br\/acervo-correio\/index.php?rest_route=%2Fwp%2Fv2%2Fmedia&parent=232832"}],"wp:term":[{"taxonomy":"category","embeddable":true,"href":"https:\/\/www.ocorreionews.com.br\/acervo-correio\/index.php?rest_route=%2Fwp%2Fv2%2Fcategories&post=232832"},{"taxonomy":"post_tag","embeddable":true,"href":"https:\/\/www.ocorreionews.com.br\/acervo-correio\/index.php?rest_route=%2Fwp%2Fv2%2Ftags&post=232832"}],"curies":[{"name":"wp","href":"https:\/\/api.w.org\/{rel}","templated":true}]}}