{"id":233020,"date":"2023-03-03T06:38:29","date_gmt":"2023-03-03T10:38:29","guid":{"rendered":"https:\/\/www.ocorreionews.com.br\/acervo-correio\/?p=233020"},"modified":"2023-03-03T06:38:29","modified_gmt":"2023-03-03T10:38:29","slug":"prefeito-juvenal-assina-ordem-de-servico-para-construcao-de-dez-casas-populares","status":"publish","type":"post","link":"https:\/\/www.ocorreionews.com.br\/acervo-correio\/?p=233020","title":{"rendered":"Prefeito Juvenal assina ordem de servi\u00e7o para constru\u00e7\u00e3o de dez casas populares"},"content":{"rendered":"<p>Na manh\u00e3 da quinta-feira (02\/03), no gabinete, o Prefeito Juvenal Consolaro assinou a Ordem de Servi\u00e7o para a obra de constru\u00e7\u00e3o de 10 casas populares em Figueir\u00e3o, junto com o engenheiro Pedro Delgado, respons\u00e1vel pela empresa Rezende Construtora Ltda, que venceu a licita\u00e7\u00e3o para realizar a obra.<\/p>\n<p>Essas dez novas casas ser\u00e3o constru\u00eddas em parceria entre a Prefeitura Municipal e o Governo do Estado, via Agehab, e assim distribu\u00eddas: duas ser\u00e3o constru\u00eddas em terrenos dos beneficiados e oito em terrenos da prefeitura, todas destinadas a fam\u00edlias em situa\u00e7\u00e3o de vulnerabilidade social, acompanhadas pela Secretaria Municipal de Assist\u00eancia Social, atrav\u00e9s do Cras.<\/p>\n<p>Estiveram tamb\u00e9m presentes ao ato de assinatura da Ordem de Servi\u00e7o, o vice-Prefeito Jorge Mortari, a Secret\u00e1ria de Assist\u00eancia Social Kelly Karine e o engenheiro da Prefeitura Claiton Charles.<\/p>\n<p>\u201cMais uma obra do Governo do Estado realizada em parceria com a Prefeitura de Figueir\u00e3o, em benef\u00edcio de nossa popula\u00e7\u00e3o\u201d, disse o prefeito.<\/p>\n<h3><img decoding=\"async\" src=\"https:\/\/regionalms.com.br\/conteudo\/regionalms\/upp\/articles\/2022-02\/comercio\/A4.jpg\" alt=\"\" width=\"100%\" \/><\/h3>\n<p>&nbsp;<\/p>\n<p>&nbsp;<\/p>\n<p><em>Fonte\/Fotos: Assem\/PMFigueir\u00e3o \u2013 Rubem Vasconcellos<\/em><\/p>\n","protected":false},"excerpt":{"rendered":"<p>Na manh\u00e3 da quinta-feira (02\/03), no gabinete, o Prefeito Juvenal Consolaro assinou a Ordem de Servi\u00e7o para a obra de constru\u00e7\u00e3o de 10 casas populares em Figueir\u00e3o, junto com o engenheiro Pedro Delgado, respons\u00e1vel pela empresa Rezende Construtora Ltda, que venceu a licita\u00e7\u00e3o para realizar a obra. Essas dez novas casas ser\u00e3o constru\u00eddas em parceria [&hellip;]<\/p>\n","protected":false},"author":4,"featured_media":233021,"comment_status":"closed","ping_status":"closed","sticky":false,"template":"","format":"standard","meta":{"footnotes":""},"categories":[30],"tags":[],"class_list":["post-233020","post","type-post","status-publish","format-standard","has-post-thumbnail","hentry","category-figueirao"],"_links":{"self":[{"href":"https:\/\/www.ocorreionews.com.br\/acervo-correio\/index.php?rest_route=\/wp\/v2\/posts\/233020","targetHints":{"allow":["GET"]}}],"collection":[{"href":"https:\/\/www.ocorreionews.com.br\/acervo-correio\/index.php?rest_route=\/wp\/v2\/posts"}],"about":[{"href":"https:\/\/www.ocorreionews.com.br\/acervo-correio\/index.php?rest_route=\/wp\/v2\/types\/post"}],"author":[{"embeddable":true,"href":"https:\/\/www.ocorreionews.com.br\/acervo-correio\/index.php?rest_route=\/wp\/v2\/users\/4"}],"replies":[{"embeddable":true,"href":"https:\/\/www.ocorreionews.com.br\/acervo-correio\/index.php?rest_route=%2Fwp%2Fv2%2Fcomments&post=233020"}],"version-history":[{"count":1,"href":"https:\/\/www.ocorreionews.com.br\/acervo-correio\/index.php?rest_route=\/wp\/v2\/posts\/233020\/revisions"}],"predecessor-version":[{"id":233022,"href":"https:\/\/www.ocorreionews.com.br\/acervo-correio\/index.php?rest_route=\/wp\/v2\/posts\/233020\/revisions\/233022"}],"wp:featuredmedia":[{"embeddable":true,"href":"https:\/\/www.ocorreionews.com.br\/acervo-correio\/index.php?rest_route=\/wp\/v2\/media\/233021"}],"wp:attachment":[{"href":"https:\/\/www.ocorreionews.com.br\/acervo-correio\/index.php?rest_route=%2Fwp%2Fv2%2Fmedia&parent=233020"}],"wp:term":[{"taxonomy":"category","embeddable":true,"href":"https:\/\/www.ocorreionews.com.br\/acervo-correio\/index.php?rest_route=%2Fwp%2Fv2%2Fcategories&post=233020"},{"taxonomy":"post_tag","embeddable":true,"href":"https:\/\/www.ocorreionews.com.br\/acervo-correio\/index.php?rest_route=%2Fwp%2Fv2%2Ftags&post=233020"}],"curies":[{"name":"wp","href":"https:\/\/api.w.org\/{rel}","templated":true}]}}