{"id":233149,"date":"2023-03-03T17:05:46","date_gmt":"2023-03-03T21:05:46","guid":{"rendered":"https:\/\/www.ocorreionews.com.br\/acervo-correio\/?p=233149"},"modified":"2023-03-03T17:05:46","modified_gmt":"2023-03-03T21:05:46","slug":"alcinopolis-legislativo-divulga-pauta-prevista-para-a-proxima-sessao-ordinaria-18","status":"publish","type":"post","link":"https:\/\/www.ocorreionews.com.br\/acervo-correio\/?p=233149","title":{"rendered":"Alcinopolis: Legislativo divulga pauta prevista para a pr\u00f3xima Sess\u00e3o Ordin\u00e1ria"},"content":{"rendered":"<p class=\"x_MsoNormal\">A pr\u00f3xima Sess\u00e3o Ordin\u00e1ria est\u00e1 programada para acontecer no dia 06 de mar\u00e7o, no Plen\u00e1rio \u201cAdolfo Alves Carneiro\u201d.<\/p>\n<p class=\"x_MsoNormal\">Como um dos destaques est\u00e1 a apresenta\u00e7\u00e3o do Projeto de Lei n\u00ba 004\/23, que cria, no \u00e2mbito do munic\u00edpio, o Programa Municipal \u201cBolsa Universit\u00e1ria\u201d, de autoria do Executivo Municipal.<\/p>\n<p class=\"x_MsoNormal\">Oriundos do Legislativo Municipal est\u00e1 a apresenta\u00e7\u00e3o do demonstrativo da presta\u00e7\u00e3o de contas, referente ao m\u00eas de fevereiro de 2023, bem como a apresenta\u00e7\u00e3o de seis indica\u00e7\u00f5es: a de n\u00ba 002\/23, solicitando a cobertura da \u00e1rea que d\u00e1 acesso \u00e0s salas de dentista e artes, na Escola Municipal Alcino Carneiro; a de n\u00ba 003\/23, sugerindo a contrata\u00e7\u00e3o um assistente social para atuar na UBS 24h; a de n\u00ba 003\/23, solicitando manuten\u00e7\u00e3o, urgente, na serra que d\u00e1 acesso \u00e0 propriedade do sr. Nivaldo Rulli; a de n\u00ba 005\/23, sugerindo a resolu\u00e7\u00e3o da problem\u00e1tica de enxurrada que invade a Creche Municipal; e a de n\u00ba 006\/23, solicitando solu\u00e7\u00f5es para a \u00e1gua pluvial que escorre no p\u00e1tio e biblioteca da Escola Municipal, todas estas de autoria da vereadora Rosangela Campos (PL).<\/p>\n<p class=\"x_MsoNormal\">De autoria da vereadora Onilza Matias (PL), ser\u00e3o apresentadas as seguintes indica\u00e7\u00f5es: a de n\u00ba 007\/23, sugerindo a constru\u00e7\u00e3o de estacionamento na veladoria municipal; a de n\u00ba 008\/23, solicitando um estudo t\u00e9cnico que viabilize a liga\u00e7\u00e3o da rede de esgoto de forma gratuita para a popula\u00e7\u00e3o de baixa renda do munic\u00edpio; e a n\u00ba 009\/23, sugerindo o patrolamento da estrada que sai das fazendas do sr. Daniel Cochito sr. Alex Cochito, at\u00e9 a ponte do C\u00f3rrego Retiro. Ainda nesta Sess\u00e3o, est\u00e1 programada a apresenta\u00e7\u00e3o e vota\u00e7\u00e3o da Mo\u00e7\u00e3o Apoio n\u00ba 001\/23 destinada ao movimento nacional de produtores e sangradores de borracha natural, de autoria do vereador Evaldo Furtado (PP).<\/p>\n<p class=\"x_MsoNormal\">A Sess\u00e3o est\u00e1 prevista para iniciar \u00e0s 09h00 e ser\u00e1 transmitida pelas m\u00eddias sociais oficiais do Poder Legislativo Municipal, atrav\u00e9s de Live, e pela R\u00e1dio Educativa FM.<\/p>\n<p class=\"x_MsoNormal\">\n<p class=\"x_MsoNormal\">&#8212;<\/p>\n<p class=\"x_MsoNormal\"><i>C\u00e2mara Municipal de Alcin\u00f3polis \u2013 MS<\/i><\/p>\n<p class=\"x_MsoNormal\"><i>Assessoria de Comunica\u00e7\u00e3o \u2013 ASCOM<\/i><\/p>\n<p class=\"x_MsoNormal\"><i>Jornalista Bruna Souza<\/i><\/p>\n","protected":false},"excerpt":{"rendered":"<p>A pr\u00f3xima Sess\u00e3o Ordin\u00e1ria est\u00e1 programada para acontecer no dia 06 de mar\u00e7o, no Plen\u00e1rio \u201cAdolfo Alves Carneiro\u201d. Como um dos destaques est\u00e1 a apresenta\u00e7\u00e3o do Projeto de Lei n\u00ba 004\/23, que cria, no \u00e2mbito do munic\u00edpio, o Programa Municipal \u201cBolsa Universit\u00e1ria\u201d, de autoria do Executivo Municipal. Oriundos do Legislativo Municipal est\u00e1 a apresenta\u00e7\u00e3o do [&hellip;]<\/p>\n","protected":false},"author":4,"featured_media":214499,"comment_status":"closed","ping_status":"closed","sticky":false,"template":"","format":"standard","meta":{"footnotes":""},"categories":[18,20],"tags":[],"class_list":["post-233149","post","type-post","status-publish","format-standard","has-post-thumbnail","hentry","category-alcinopolis","category-camara-municipal"],"_links":{"self":[{"href":"https:\/\/www.ocorreionews.com.br\/acervo-correio\/index.php?rest_route=\/wp\/v2\/posts\/233149","targetHints":{"allow":["GET"]}}],"collection":[{"href":"https:\/\/www.ocorreionews.com.br\/acervo-correio\/index.php?rest_route=\/wp\/v2\/posts"}],"about":[{"href":"https:\/\/www.ocorreionews.com.br\/acervo-correio\/index.php?rest_route=\/wp\/v2\/types\/post"}],"author":[{"embeddable":true,"href":"https:\/\/www.ocorreionews.com.br\/acervo-correio\/index.php?rest_route=\/wp\/v2\/users\/4"}],"replies":[{"embeddable":true,"href":"https:\/\/www.ocorreionews.com.br\/acervo-correio\/index.php?rest_route=%2Fwp%2Fv2%2Fcomments&post=233149"}],"version-history":[{"count":1,"href":"https:\/\/www.ocorreionews.com.br\/acervo-correio\/index.php?rest_route=\/wp\/v2\/posts\/233149\/revisions"}],"predecessor-version":[{"id":233150,"href":"https:\/\/www.ocorreionews.com.br\/acervo-correio\/index.php?rest_route=\/wp\/v2\/posts\/233149\/revisions\/233150"}],"wp:featuredmedia":[{"embeddable":true,"href":"https:\/\/www.ocorreionews.com.br\/acervo-correio\/index.php?rest_route=\/wp\/v2\/media\/214499"}],"wp:attachment":[{"href":"https:\/\/www.ocorreionews.com.br\/acervo-correio\/index.php?rest_route=%2Fwp%2Fv2%2Fmedia&parent=233149"}],"wp:term":[{"taxonomy":"category","embeddable":true,"href":"https:\/\/www.ocorreionews.com.br\/acervo-correio\/index.php?rest_route=%2Fwp%2Fv2%2Fcategories&post=233149"},{"taxonomy":"post_tag","embeddable":true,"href":"https:\/\/www.ocorreionews.com.br\/acervo-correio\/index.php?rest_route=%2Fwp%2Fv2%2Ftags&post=233149"}],"curies":[{"name":"wp","href":"https:\/\/api.w.org\/{rel}","templated":true}]}}