{"id":233345,"date":"2023-03-06T14:53:07","date_gmt":"2023-03-06T18:53:07","guid":{"rendered":"https:\/\/www.ocorreionews.com.br\/acervo-correio\/?p=233345"},"modified":"2023-03-06T14:53:07","modified_gmt":"2023-03-06T18:53:07","slug":"motorista-e-preso-apos-policiais-acharem-mais-de-r-200-mil-escondidos-dentro-de-caixa-de-furadeira-em-go","status":"publish","type":"post","link":"https:\/\/www.ocorreionews.com.br\/acervo-correio\/?p=233345","title":{"rendered":"Motorista \u00e9 preso ap\u00f3s policiais acharem mais de R$ 200 mil escondidos dentro de caixa de furadeira em GO"},"content":{"rendered":"<div id=\"chunk-vpo9\">\n<div class=\"mc-column content-text active-extra-styles \" data-block-type=\"unstyled\" data-block-weight=\"44\" data-block-id=\"3\">\n<p class=\"content-text__container \" data-track-category=\"Link no Texto\" data-track-links=\"\">O Comando de Opera\u00e7\u00f5es de Divisas (COD) apreendeu R$ 201 mil em esp\u00e9cie em um caminh\u00e3o na BR-070, em Montes Claros de Goi\u00e1s, na regi\u00e3o oeste do estado. Segundo a pol\u00edcia, dinheiro estava escondido dentro da caixa de uma furadeira, envolto em um saco.<\/p>\n<p data-track-category=\"Link no Texto\" data-track-links=\"\">\n<\/div>\n<\/div>\n<div class=\"wall protected-content\">\n<div id=\"chunk-9le9f\">\n<div class=\"mc-column content-text active-extra-styles \" data-block-type=\"unstyled\" data-block-weight=\"41\" data-block-id=\"4\">\n<p class=\"content-text__container \" data-track-category=\"Link no Texto\" data-track-links=\"\">\u201cO motorista alegou que n\u00e3o sabia de quem era aquele dinheiro e, pela falta de origem e pelo cometimento de ideias do crime de evas\u00e3o de divisas, ele foi encaminhado para a Pol\u00edcia Federal\u201d, explicou o major Renyson Castanheira, do COD.<\/p>\n<div id=\"chunk-457f8\">\n<div class=\"mc-column content-text active-extra-styles \" data-block-type=\"unstyled\" data-block-weight=\"20\" data-block-id=\"6\">\n<p class=\"content-text__container \" data-track-category=\"Link no Texto\" data-track-links=\"\">Por n\u00e3o ter a identidade divulgada, o g1 n\u00e3o localizou a defesa do motorista at\u00e9 a \u00faltima atualiza\u00e7\u00e3o desta reportagem.<\/p>\n<p data-track-category=\"Link no Texto\" data-track-links=\"\">\n<\/div>\n<\/div>\n<div id=\"chunk-b86oi\">\n<div class=\"content-ads content-ads--reveal\" data-block-type=\"ads\" data-block-id=\"7\">\n<div id=\"banner_materia2\" class=\"tag-manager-publicidade-container mc-has-reveal mc-has-ad-lazyload\" data-id=\"banner_materia2\">\n<div id=\"google_ads_iframe_\/95377733\/tvg_G1\/Sua_Regiao&gt;Centro_Oeste&gt;Goias_3__container__\"><\/div>\n<\/div>\n<\/div>\n<\/div>\n<div id=\"chunk-f400s\">\n<div class=\"mc-column content-text active-extra-styles \" data-block-type=\"unstyled\" data-block-weight=\"45\" data-block-id=\"8\">\n<p class=\"content-text__container \" data-track-category=\"Link no Texto\" data-track-links=\"\">A apreens\u00e3o aconteceu na tarde do \u00faltimo domingo (5) ap\u00f3s o ve\u00edculo ser abordado em atitude suspeita, de acordo com a pol\u00edcia. Aos militares, o motorista, que foi preso, falou ainda que seu patr\u00e3o pediu para ele buscar a suposta furadeira em Frutal, Minas Gerais.<\/p>\n<div id=\"chunk-7a4o6\">\n<div class=\"mc-column content-text active-extra-styles \" data-block-type=\"unstyled\" data-block-weight=\"13\" data-block-id=\"13\">\n<p class=\"content-text__container \" data-track-category=\"Link no Texto\" data-track-links=\"\">Segundo o major, o motorista estava a caminho de Uberl\u00e2ndia, em Minas Gerais.<\/p>\n<p data-track-category=\"Link no Texto\" data-track-links=\"\">\n<\/div>\n<\/div>\n<div id=\"chunk-cf1si\">\n<div class=\"mc-column content-text active-extra-styles \" data-block-type=\"unstyled\" data-block-weight=\"36\" data-block-id=\"14\">\n<p class=\"content-text__container \" data-track-category=\"Link no Texto\" data-track-links=\"\">O dinheiro, que estava envolto em um saco preto, foi levado para a delegacia de Montes Claros de Goi\u00e1s. O motorista do ve\u00edculo tamb\u00e9m foi encaminhado para a unidade, mas transferido para a PF, em Goi\u00e2nia.<\/p>\n<p data-track-category=\"Link no Texto\" data-track-links=\"\">\n<\/div>\n<\/div>\n<\/div>\n<\/div>\n<\/div>\n<\/div>\n<p data-track-category=\"Link no Texto\" data-track-links=\"\">\n<div id=\"chunk-9le9f\">\n<div class=\"mc-column content-text active-extra-styles \" data-block-type=\"unstyled\" data-block-weight=\"41\" data-block-id=\"4\">\n<div id=\"chunk-f400s\">\n<div class=\"mc-column content-text active-extra-styles \" data-block-type=\"unstyled\" data-block-weight=\"45\" data-block-id=\"8\">\n<div id=\"chunk-cf1si\">\n<div class=\"mc-column content-text active-extra-styles \" data-block-type=\"unstyled\" data-block-weight=\"36\" data-block-id=\"14\">\n<p class=\"content-publication-data__from\" title=\"Michel Gomes, g1 Goi\u00e1s\">Por Michel Gomes, g1 Goi\u00e1s<\/p>\n<\/div>\n<\/div>\n<\/div>\n<\/div>\n<\/div>\n<\/div>\n<\/div>\n","protected":false},"excerpt":{"rendered":"<p>O Comando de Opera\u00e7\u00f5es de Divisas (COD) apreendeu R$ 201 mil em esp\u00e9cie em um caminh\u00e3o na BR-070, em Montes Claros de Goi\u00e1s, na regi\u00e3o oeste do estado. Segundo a pol\u00edcia, dinheiro estava escondido dentro da caixa de uma furadeira, envolto em um saco. \u201cO motorista alegou que n\u00e3o sabia de quem era aquele dinheiro [&hellip;]<\/p>\n","protected":false},"author":5,"featured_media":233349,"comment_status":"closed","ping_status":"closed","sticky":false,"template":"","format":"standard","meta":{"footnotes":""},"categories":[38],"tags":[],"class_list":["post-233345","post","type-post","status-publish","format-standard","has-post-thumbnail","hentry","category-policia"],"_links":{"self":[{"href":"https:\/\/www.ocorreionews.com.br\/acervo-correio\/index.php?rest_route=\/wp\/v2\/posts\/233345","targetHints":{"allow":["GET"]}}],"collection":[{"href":"https:\/\/www.ocorreionews.com.br\/acervo-correio\/index.php?rest_route=\/wp\/v2\/posts"}],"about":[{"href":"https:\/\/www.ocorreionews.com.br\/acervo-correio\/index.php?rest_route=\/wp\/v2\/types\/post"}],"author":[{"embeddable":true,"href":"https:\/\/www.ocorreionews.com.br\/acervo-correio\/index.php?rest_route=\/wp\/v2\/users\/5"}],"replies":[{"embeddable":true,"href":"https:\/\/www.ocorreionews.com.br\/acervo-correio\/index.php?rest_route=%2Fwp%2Fv2%2Fcomments&post=233345"}],"version-history":[{"count":1,"href":"https:\/\/www.ocorreionews.com.br\/acervo-correio\/index.php?rest_route=\/wp\/v2\/posts\/233345\/revisions"}],"predecessor-version":[{"id":233352,"href":"https:\/\/www.ocorreionews.com.br\/acervo-correio\/index.php?rest_route=\/wp\/v2\/posts\/233345\/revisions\/233352"}],"wp:featuredmedia":[{"embeddable":true,"href":"https:\/\/www.ocorreionews.com.br\/acervo-correio\/index.php?rest_route=\/wp\/v2\/media\/233349"}],"wp:attachment":[{"href":"https:\/\/www.ocorreionews.com.br\/acervo-correio\/index.php?rest_route=%2Fwp%2Fv2%2Fmedia&parent=233345"}],"wp:term":[{"taxonomy":"category","embeddable":true,"href":"https:\/\/www.ocorreionews.com.br\/acervo-correio\/index.php?rest_route=%2Fwp%2Fv2%2Fcategories&post=233345"},{"taxonomy":"post_tag","embeddable":true,"href":"https:\/\/www.ocorreionews.com.br\/acervo-correio\/index.php?rest_route=%2Fwp%2Fv2%2Ftags&post=233345"}],"curies":[{"name":"wp","href":"https:\/\/api.w.org\/{rel}","templated":true}]}}