{"id":233356,"date":"2023-03-06T15:17:18","date_gmt":"2023-03-06T19:17:18","guid":{"rendered":"https:\/\/www.ocorreionews.com.br\/acervo-correio\/?p=233356"},"modified":"2023-03-06T15:17:18","modified_gmt":"2023-03-06T19:17:18","slug":"carreta-teria-invadido-pista-contraria-diz-prf-sobre-dinamica-do-acidente-em-que-sete-morreram-em-mt","status":"publish","type":"post","link":"https:\/\/www.ocorreionews.com.br\/acervo-correio\/?p=233356","title":{"rendered":"Carreta teria invadido pista contr\u00e1ria, diz PRF sobre din\u00e2mica do acidente em que sete morreram em MT"},"content":{"rendered":"<div id=\"chunk-39r4s\">\n<div class=\"mc-column content-text active-extra-styles \" data-block-type=\"unstyled\" data-block-weight=\"52\" data-block-id=\"3\">\n<p class=\"content-text__container \" data-track-category=\"Link no Texto\" data-track-links=\"\">A carreta, que se envolveu em um acidente na BR-174, onde sete pessoas morreram, teria invadido a pista contr\u00e1ria e colidido com o \u00f4nibus, segundo o Chefe da Pol\u00edcia Rodovi\u00e1ria Federal (PRF) Newton Quinzani. O acidente ocorreu nesse domingo (5), pr\u00f3ximo ao Distrito de Caramujo, em C\u00e1ceres, a 250 km de Cuiab\u00e1.<\/p>\n<p data-track-category=\"Link no Texto\" data-track-links=\"\">\n<\/div>\n<\/div>\n<div class=\"wall protected-content\">\n<div id=\"chunk-80j1t\">\n<div class=\"mc-column content-text active-extra-styles \" data-block-type=\"unstyled\" data-block-weight=\"28\" data-block-id=\"4\">\n<p class=\"content-text__container \" data-track-category=\"Link no Texto\" data-track-links=\"\">O chefe da PRF disse que a carreta, que transportava legumes e verduras, invadiu a pista de forma repentina, j\u00e1 que n\u00e3o h\u00e1 marcas de frenagem na via.<\/p>\n<p data-track-category=\"Link no Texto\" data-track-links=\"\">\n<\/div>\n<\/div>\n<div id=\"chunk-a9mkb\">\n<div class=\"mc-column content-text active-extra-styles \" data-block-type=\"unstyled\" data-block-weight=\"37\" data-block-id=\"5\">\n<p class=\"content-text__container \" data-track-category=\"Link no Texto\" data-track-links=\"\">&#8220;Ainda estamos averiguando o motivo por qual esse motorista saiu da sua m\u00e3o de dire\u00e7\u00e3o e invadiu a pista contr\u00e1ria. Como foi uma colis\u00e3o frontal, os primeiros atingidos foram os dois motoristas e depois os passageiros.<\/p>\n<\/div>\n<\/div>\n<div id=\"chunk-ilu8\">\n<div class=\"content-ads content-ads--reveal\" data-block-type=\"ads\" data-block-id=\"6\">\n<div><\/div>\n<\/div>\n<\/div>\n<div id=\"chunk-8qar8\">\n<div class=\"mc-column content-text active-extra-styles \" data-block-type=\"unstyled\" data-block-weight=\"24\" data-block-id=\"7\">\n<p class=\"content-text__container \" data-track-category=\"Link no Texto\" data-track-links=\"\">Foram confirmadas sete mortes no local e 25 feridos. O chefe da PRF informou que ainda h\u00e1 algumas v\u00edtimas em estado grav\u00edssimo no hospital.<\/p>\n<p data-track-category=\"Link no Texto\" data-track-links=\"\">\n<\/div>\n<\/div>\n<div id=\"chunk-80thf\">\n<div class=\"row medium-uncollapsed content-media content-photo\" data-block-type=\"backstage-photo\" data-block-id=\"8\">\n<div class=\"mc-column content-media__container\">\n<div class=\"content-media-container glb-skeleton-box\">\n<figure class=\"content-media-figure\">\n<p><figure style=\"width: 647px\" class=\"wp-caption aligncenter\"><img loading=\"lazy\" decoding=\"async\" class=\"i-amphtml-fill-content i-amphtml-replaced-content\" src=\"https:\/\/s2.glbimg.com\/hvVzcdzc9n7Eu4ZMBxu3hFGqVvs=\/0x0:1200x1600\/984x0\/smart\/filters:strip_icc()\/i.s3.glbimg.com\/v1\/AUTH_59edd422c0c84a879bd37670ae4f538a\/internal_photos\/bs\/2023\/R\/z\/QMugApRMC2dGjbJeCc3w\/whatsapp-image-2023-03-05-at-14.58.54.jpg\" sizes=\"auto, (max-width: 1366px) 648px, 100vw\" srcset=\"https:\/\/s2.glbimg.com\/mH0jdP_MVESffbAKEUrxp10DhGg=\/0x0:1200x1600\/1000x0\/smart\/filters:strip_icc()\/i.s3.glbimg.com\/v1\/AUTH_59edd422c0c84a879bd37670ae4f538a\/internal_photos\/bs\/2023\/R\/z\/QMugApRMC2dGjbJeCc3w\/whatsapp-image-2023-03-05-at-14.58.54.jpg 1000w, https:\/\/s2.glbimg.com\/hvVzcdzc9n7Eu4ZMBxu3hFGqVvs=\/0x0:1200x1600\/984x0\/smart\/filters:strip_icc()\/i.s3.glbimg.com\/v1\/AUTH_59edd422c0c84a879bd37670ae4f538a\/internal_photos\/bs\/2023\/R\/z\/QMugApRMC2dGjbJeCc3w\/whatsapp-image-2023-03-05-at-14.58.54.jpg 984w, https:\/\/s2.glbimg.com\/gqRPLnX8rtus7j7YMipXalzJdLM=\/0x0:1200x1600\/640x0\/smart\/filters:strip_icc()\/i.s3.glbimg.com\/v1\/AUTH_59edd422c0c84a879bd37670ae4f538a\/internal_photos\/bs\/2023\/R\/z\/QMugApRMC2dGjbJeCc3w\/whatsapp-image-2023-03-05-at-14.58.54.jpg 640w, https:\/\/s2.glbimg.com\/xPIkHF5gpAJUEdlps9jll4jH0OE=\/0x0:1200x1600\/600x0\/smart\/filters:strip_icc()\/i.s3.glbimg.com\/v1\/AUTH_59edd422c0c84a879bd37670ae4f538a\/internal_photos\/bs\/2023\/R\/z\/QMugApRMC2dGjbJeCc3w\/whatsapp-image-2023-03-05-at-14.58.54.jpg 600w\" alt=\"\u00d4nibus e carreta bateram de frente em acidente na BR-174 \u2014 Foto: Reprodu\u00e7\u00e3o\" width=\"647\" height=\"863\" \/><figcaption class=\"wp-caption-text\">\u00d4nibus e carreta bateram de frente em acidente na BR-174 \u2014 Foto: Reprodu\u00e7\u00e3o<\/figcaption><\/figure><\/figure>\n<\/div>\n<p class=\"content-media__description \">\n<p>&nbsp;<\/p>\n<\/div>\n<\/div>\n<\/div>\n<div id=\"chunk-2ov5p\">\n<div class=\"mc-column content-text active-extra-styles \" data-block-type=\"unstyled\" data-block-weight=\"18\" data-block-id=\"9\">\n<p class=\"content-text__container \" data-track-category=\"Link no Texto\" data-track-links=\"\">Sobre a velocidade em que os ve\u00edculos estavam, Quinzani disse que os ve\u00edculos n\u00e3o excederam o limite.<\/p>\n<p data-track-category=\"Link no Texto\" data-track-links=\"\">\n<\/div>\n<\/div>\n<div id=\"chunk-3q544\">\n<div class=\"mc-column content-text active-extra-styles \" data-block-type=\"unstyled\" data-block-weight=\"70\" data-block-id=\"10\">\n<p class=\"content-text__container \" data-track-category=\"Link no Texto\" data-track-links=\"\">&#8220;Ap\u00f3s a lavagem da pista pelo Corpo de Bombeiros, foram procuradas marcas de frenagem ou algum sinal. N\u00e3o foi encontrado e isso denota uma invas\u00e3o repentina da carreta na pista. A PRF acredita que os danos do \u00f4nibus e da carreta foram maiores devido ao peso dos ve\u00edculos. O caminh\u00e3o n\u00e3o estava em uma velocidade excessiva e o \u00f4nibus andava em uma velocidade compat\u00edvel com a da rodovia&#8221;, disse.<\/p>\n<\/div>\n<\/div>\n<div id=\"chunk-ekcol\">\n<div class=\"content-ads content-ads--reveal\" data-block-type=\"ads\" data-block-id=\"11\">\n<div><\/div>\n<\/div>\n<\/div>\n<div id=\"chunk-6nr85\">\n<div class=\"mc-column content-text active-extra-styles \" data-block-type=\"unstyled\" data-block-weight=\"29\" data-block-id=\"12\">\n<p class=\"content-text__container \" data-track-category=\"Link no Texto\" data-track-links=\"\">A PRF informou que ainda apura o acidente e que deve conversar com as v\u00edtimas que sobreviveram para entender a motiva\u00e7\u00e3o da invas\u00e3o de pista por parte da carreta.<\/p>\n<p data-track-category=\"Link no Texto\" data-track-links=\"\">\n<\/div>\n<\/div>\n<div class=\"mc-column content-text active-extra-styles\" data-block-type=\"raw\" data-block-weight=\"2\" data-block-id=\"13\">\n<p class=\"content-text__container\">\n<div class=\"content-intertitle\">\n<h2>O acidente<\/h2>\n<p>&nbsp;<\/p>\n<\/div>\n<p>&nbsp;<\/p>\n<\/div>\n<div id=\"chunk-bgsvh\">\n<div class=\"row medium-uncollapsed content-media content-photo\" data-block-type=\"backstage-photo\" data-block-id=\"14\">\n<div class=\"mc-column content-media__container\">\n<div class=\"content-media-container glb-skeleton-box\">\n<figure class=\"content-media-figure\">\n<p><figure style=\"width: 647px\" class=\"wp-caption aligncenter\"><img loading=\"lazy\" decoding=\"async\" class=\"i-amphtml-fill-content i-amphtml-replaced-content\" src=\"https:\/\/s2.glbimg.com\/BOKVAoRDh0i1w8G-Evf87BpTaN0=\/0x0:768x1024\/984x0\/smart\/filters:strip_icc()\/i.s3.glbimg.com\/v1\/AUTH_59edd422c0c84a879bd37670ae4f538a\/internal_photos\/bs\/2023\/g\/A\/c6BleBRj6SBQnUxp2MXw\/whatsapp-image-2023-03-05-at-15.34.59.jpeg\" sizes=\"auto, (max-width: 1366px) 648px, 100vw\" srcset=\"https:\/\/s2.glbimg.com\/BAWuNGFvNd0bzztk4u12TIiXec4=\/0x0:768x1024\/1000x0\/smart\/filters:strip_icc()\/i.s3.glbimg.com\/v1\/AUTH_59edd422c0c84a879bd37670ae4f538a\/internal_photos\/bs\/2023\/g\/A\/c6BleBRj6SBQnUxp2MXw\/whatsapp-image-2023-03-05-at-15.34.59.jpeg 1000w, https:\/\/s2.glbimg.com\/BOKVAoRDh0i1w8G-Evf87BpTaN0=\/0x0:768x1024\/984x0\/smart\/filters:strip_icc()\/i.s3.glbimg.com\/v1\/AUTH_59edd422c0c84a879bd37670ae4f538a\/internal_photos\/bs\/2023\/g\/A\/c6BleBRj6SBQnUxp2MXw\/whatsapp-image-2023-03-05-at-15.34.59.jpeg 984w, https:\/\/s2.glbimg.com\/V_1siLuWs_ZaQoT-x0TVBkNqQhk=\/0x0:768x1024\/640x0\/smart\/filters:strip_icc()\/i.s3.glbimg.com\/v1\/AUTH_59edd422c0c84a879bd37670ae4f538a\/internal_photos\/bs\/2023\/g\/A\/c6BleBRj6SBQnUxp2MXw\/whatsapp-image-2023-03-05-at-15.34.59.jpeg 640w, https:\/\/s2.glbimg.com\/-vYA0PO0C0Qy5zshvWwKw-iIul8=\/0x0:768x1024\/600x0\/smart\/filters:strip_icc()\/i.s3.glbimg.com\/v1\/AUTH_59edd422c0c84a879bd37670ae4f538a\/internal_photos\/bs\/2023\/g\/A\/c6BleBRj6SBQnUxp2MXw\/whatsapp-image-2023-03-05-at-15.34.59.jpeg 600w\" alt=\"Acidente ocorreu na BR-174 em C\u00e1ceres  \u2014 Foto: Reprodu\u00e7\u00e3o\" width=\"647\" height=\"863\" \/><figcaption class=\"wp-caption-text\">Acidente ocorreu na BR-174 em C\u00e1ceres \u2014 Foto: Reprodu\u00e7\u00e3o<\/figcaption><\/figure><\/figure>\n<\/div>\n<p class=\"content-media__description \">\n<p>&nbsp;<\/p>\n<\/div>\n<\/div>\n<\/div>\n<div id=\"chunk-9b2s1\">\n<div class=\"mc-column content-text active-extra-styles \" data-block-type=\"unstyled\" data-block-weight=\"39\" data-block-id=\"15\">\n<p class=\"content-text__container \" data-track-category=\"Link no Texto\" data-track-links=\"\">Sete pessoas morreram em um acidente entre uma carreta e um \u00f4nibus. De acordo com a PRF, os dois ve\u00edculos bateram de frente. Ap\u00f3s o acidente, uma caminhonete tentou frear, mas n\u00e3o conseguiu e bateu na traseira do \u00f4nibus.<\/p>\n<p data-track-category=\"Link no Texto\" data-track-links=\"\">\n<\/div>\n<\/div>\n<div id=\"chunk-f00l5\">\n<div class=\"mc-column content-text active-extra-styles \" data-block-type=\"unstyled\" data-block-weight=\"23\" data-block-id=\"16\">\n<p class=\"content-text__container \" data-track-category=\"Link no Texto\" data-track-links=\"\">De acordo com a empresa de transportes, o \u00f4nibus saiu de Rio Branco, no Acre, e tinha como destino final Goi\u00e2nia, em Goi\u00e1s.<\/p>\n<\/div>\n<\/div>\n<div id=\"chunk-80qbh\">\n<div class=\"mc-column content-text active-extra-styles \" data-block-type=\"unstyled\" data-block-weight=\"10\" data-block-id=\"17\">\n<p class=\"content-text__container \" data-track-category=\"Link no Texto\" data-track-links=\"\">Os passageiros feridos foram encaminhados ao Hospital Regional de C\u00e1ceres.<\/p>\n<\/div>\n<\/div>\n<div id=\"chunk-9ujss\">\n<div class=\"content-ads content-ads--reveal\" data-block-type=\"ads\" data-block-id=\"18\">\n<div><\/div>\n<\/div>\n<\/div>\n<div id=\"chunk-9il27\">\n<div class=\"row medium-uncollapsed content-media content-photo\" data-block-type=\"backstage-photo\" data-block-id=\"19\">\n<div class=\"mc-column content-media__container\">\n<div class=\"content-media-container glb-skeleton-box\">\n<figure class=\"content-media-figure\">\n<p><figure style=\"width: 647px\" class=\"wp-caption aligncenter\"><img loading=\"lazy\" decoding=\"async\" class=\"i-amphtml-fill-content i-amphtml-replaced-content\" src=\"https:\/\/s2.glbimg.com\/1KZJHOhN_xKwclYs80lu4GELbNo=\/0x0:768x1024\/984x0\/smart\/filters:strip_icc()\/i.s3.glbimg.com\/v1\/AUTH_59edd422c0c84a879bd37670ae4f538a\/internal_photos\/bs\/2023\/v\/M\/ACBvWBRjm58UBxvMSnYA\/whatsapp-image-2023-03-05-at-15.34.58.jpeg\" sizes=\"auto, (max-width: 1366px) 648px, 100vw\" srcset=\"https:\/\/s2.glbimg.com\/f-OyFczN5gY6bLm1nQey3SRyBF4=\/0x0:768x1024\/1000x0\/smart\/filters:strip_icc()\/i.s3.glbimg.com\/v1\/AUTH_59edd422c0c84a879bd37670ae4f538a\/internal_photos\/bs\/2023\/v\/M\/ACBvWBRjm58UBxvMSnYA\/whatsapp-image-2023-03-05-at-15.34.58.jpeg 1000w, https:\/\/s2.glbimg.com\/1KZJHOhN_xKwclYs80lu4GELbNo=\/0x0:768x1024\/984x0\/smart\/filters:strip_icc()\/i.s3.glbimg.com\/v1\/AUTH_59edd422c0c84a879bd37670ae4f538a\/internal_photos\/bs\/2023\/v\/M\/ACBvWBRjm58UBxvMSnYA\/whatsapp-image-2023-03-05-at-15.34.58.jpeg 984w, https:\/\/s2.glbimg.com\/aOL_pPGW_Q5z-tkiaii6GY2qJ_g=\/0x0:768x1024\/640x0\/smart\/filters:strip_icc()\/i.s3.glbimg.com\/v1\/AUTH_59edd422c0c84a879bd37670ae4f538a\/internal_photos\/bs\/2023\/v\/M\/ACBvWBRjm58UBxvMSnYA\/whatsapp-image-2023-03-05-at-15.34.58.jpeg 640w, https:\/\/s2.glbimg.com\/-rLrxg-THUQATeejt7baMeR-2eI=\/0x0:768x1024\/600x0\/smart\/filters:strip_icc()\/i.s3.glbimg.com\/v1\/AUTH_59edd422c0c84a879bd37670ae4f538a\/internal_photos\/bs\/2023\/v\/M\/ACBvWBRjm58UBxvMSnYA\/whatsapp-image-2023-03-05-at-15.34.58.jpeg 600w\" alt=\"Carreta transportava legumes e verduras e carga ficou espalhada na via \u2014 Foto: Reprodu\u00e7\u00e3o\" width=\"647\" height=\"863\" \/><figcaption class=\"wp-caption-text\">Carreta transportava legumes e verduras e carga ficou espalhada na via \u2014 Foto: Reprodu\u00e7\u00e3o<\/figcaption><\/figure><\/figure>\n<\/div>\n<p class=\"content-media__description \">\n<p>&nbsp;<\/p>\n<\/div>\n<\/div>\n<\/div>\n<div id=\"chunk-3vac6\">\n<div class=\"mc-column content-text active-extra-styles \" data-block-type=\"unstyled\" data-block-weight=\"38\" data-block-id=\"20\">\n<p class=\"content-text__container \" data-track-category=\"Link no Texto\" data-track-links=\"\">Na manh\u00e3 desta segunda-feira (6), a Per\u00edcia Oficial e Identifica\u00e7\u00e3o T\u00e9cnica (Politec) divulgou a identidade das v\u00edtimas do acidente. At\u00e9 o momento, apenas seis pessoas foram confirmadas. Segundo a Politec, a s\u00e9tima v\u00edtima \u00e9 o motorista do caminh\u00e3o.<\/p>\n<\/div>\n<\/div>\n<p class=\"content-text__container\">\n<div class=\"mc-column content-text active-extra-styles\" data-block-type=\"raw\" data-block-weight=\"2\" data-block-id=\"21\">\n<div class=\"content-intertitle\">\n<h2>Veja abaixo:<\/h2>\n<\/div>\n<\/div>\n<p>&nbsp;<\/p>\n<div class=\"mc-column content-text active-extra-styles\" data-block-type=\"raw\" data-block-weight=\"26\" data-block-id=\"22\">\n<p class=\"content-text__container\">\n<ul class=\"content-unordered-list\">\n<li>Lourdes Maria de Castro<\/li>\n<li>Maria Alice de Ara\u00fajo Barros<\/li>\n<li>Junior C\u00e9sar Silva<\/li>\n<li>Terezinha da Silva Cardoso Soares<\/li>\n<li>Ketlen Cristiny Rodrigues de Souza<\/li>\n<li>Astrogildo Victor de Moura<\/li>\n<\/ul>\n<\/div>\n<\/div>\n<p>&nbsp;<\/p>\n<p class=\"content-publication-data__from\" title=\"g1 MT e TV Centro Am\u00e9rica\">Por g1 MT e TV Centro Am\u00e9rica<\/p>\n","protected":false},"excerpt":{"rendered":"<p>A carreta, que se envolveu em um acidente na BR-174, onde sete pessoas morreram, teria invadido a pista contr\u00e1ria e colidido com o \u00f4nibus, segundo o Chefe da Pol\u00edcia Rodovi\u00e1ria Federal (PRF) Newton Quinzani. O acidente ocorreu nesse domingo (5), pr\u00f3ximo ao Distrito de Caramujo, em C\u00e1ceres, a 250 km de Cuiab\u00e1. O chefe da [&hellip;]<\/p>\n","protected":false},"author":5,"featured_media":233360,"comment_status":"closed","ping_status":"closed","sticky":false,"template":"","format":"standard","meta":{"footnotes":""},"categories":[38],"tags":[],"class_list":["post-233356","post","type-post","status-publish","format-standard","has-post-thumbnail","hentry","category-policia"],"_links":{"self":[{"href":"https:\/\/www.ocorreionews.com.br\/acervo-correio\/index.php?rest_route=\/wp\/v2\/posts\/233356","targetHints":{"allow":["GET"]}}],"collection":[{"href":"https:\/\/www.ocorreionews.com.br\/acervo-correio\/index.php?rest_route=\/wp\/v2\/posts"}],"about":[{"href":"https:\/\/www.ocorreionews.com.br\/acervo-correio\/index.php?rest_route=\/wp\/v2\/types\/post"}],"author":[{"embeddable":true,"href":"https:\/\/www.ocorreionews.com.br\/acervo-correio\/index.php?rest_route=\/wp\/v2\/users\/5"}],"replies":[{"embeddable":true,"href":"https:\/\/www.ocorreionews.com.br\/acervo-correio\/index.php?rest_route=%2Fwp%2Fv2%2Fcomments&post=233356"}],"version-history":[{"count":1,"href":"https:\/\/www.ocorreionews.com.br\/acervo-correio\/index.php?rest_route=\/wp\/v2\/posts\/233356\/revisions"}],"predecessor-version":[{"id":233364,"href":"https:\/\/www.ocorreionews.com.br\/acervo-correio\/index.php?rest_route=\/wp\/v2\/posts\/233356\/revisions\/233364"}],"wp:featuredmedia":[{"embeddable":true,"href":"https:\/\/www.ocorreionews.com.br\/acervo-correio\/index.php?rest_route=\/wp\/v2\/media\/233360"}],"wp:attachment":[{"href":"https:\/\/www.ocorreionews.com.br\/acervo-correio\/index.php?rest_route=%2Fwp%2Fv2%2Fmedia&parent=233356"}],"wp:term":[{"taxonomy":"category","embeddable":true,"href":"https:\/\/www.ocorreionews.com.br\/acervo-correio\/index.php?rest_route=%2Fwp%2Fv2%2Fcategories&post=233356"},{"taxonomy":"post_tag","embeddable":true,"href":"https:\/\/www.ocorreionews.com.br\/acervo-correio\/index.php?rest_route=%2Fwp%2Fv2%2Ftags&post=233356"}],"curies":[{"name":"wp","href":"https:\/\/api.w.org\/{rel}","templated":true}]}}