{"id":233372,"date":"2023-03-06T15:26:19","date_gmt":"2023-03-06T19:26:19","guid":{"rendered":"https:\/\/www.ocorreionews.com.br\/acervo-correio\/?p=233372"},"modified":"2023-03-06T15:26:19","modified_gmt":"2023-03-06T19:26:19","slug":"menino-de-5-anos-e-morto-pelo-ex-namorado-da-mae-em-mt","status":"publish","type":"post","link":"https:\/\/www.ocorreionews.com.br\/acervo-correio\/?p=233372","title":{"rendered":"Menino de 5 anos \u00e9 morto pelo ex-namorado da m\u00e3e em MT"},"content":{"rendered":"<div id=\"chunk-3ptn4\">\n<div class=\"mc-column content-text active-extra-styles \" data-block-type=\"unstyled\" data-block-weight=\"57\" data-block-id=\"3\">\n<p class=\"content-text__container \" data-track-category=\"Link no Texto\" data-track-links=\"\">A Pol\u00edcia Civil encontrou, na manh\u00e3 desta segunda-feira (6), o corpo de Davi Heitor Prates, de 5 anos, assassinado pelo ex-namorado da m\u00e3e dele, Jos\u00e9 Edson Santana. O menino estava desaparecido desde sexta (3). O suspeito foi preso no s\u00e1bado (4), ap\u00f3s confessar o crime. Caso foi registrado em Col\u00edder, a 648 km de Cuiab\u00e1.<\/p>\n<p data-track-category=\"Link no Texto\" data-track-links=\"\">\n<\/div>\n<\/div>\n<div class=\"wall protected-content\">\n<div id=\"chunk-fmod4\">\n<div class=\"mc-column content-text active-extra-styles \" data-block-type=\"unstyled\" data-block-weight=\"40\" data-block-id=\"4\">\n<p class=\"content-text__container \" data-track-category=\"Link no Texto\" data-track-links=\"\">O corpo estava a cerca de 27 quil\u00f4metros de dist\u00e2ncia do local apontado pelo suspeito. Na tarde de domingo (5), as equipes de buscas haviam encontrado as sand\u00e1lias o menino pr\u00f3ximas do ponto onde Santana havia informado ele estaria.<\/p>\n<p data-track-category=\"Link no Texto\" data-track-links=\"\">\n<\/div>\n<\/div>\n<div id=\"chunk-4pr7u\">\n<div class=\"mc-column content-text active-extra-styles \" data-block-type=\"unstyled\" data-block-weight=\"47\" data-block-id=\"5\">\n<p class=\"content-text__container \" data-track-category=\"Link no Texto\" data-track-links=\"\">\u00c0 pol\u00edcia, Jos\u00e9 relatou que sufocou a v\u00edtima e, depois que ela desmaiou, amarrou uma corda com uma pedra na perna dela e a levou at\u00e9 o meio de um rio. No depoimento, ele alegou n\u00e3o se lembrar do motivo que o levou a cometido o homic\u00eddio.<\/p>\n<\/div>\n<\/div>\n<div id=\"chunk-8e4gh\">\n<div class=\"content-ads content-ads--reveal\" data-block-type=\"ads\" data-block-id=\"6\">\n<div><\/div>\n<\/div>\n<\/div>\n<div id=\"chunk-10sbj\">\n<div class=\"mc-column content-text active-extra-styles \" data-block-type=\"unstyled\" data-block-weight=\"22\" data-block-id=\"7\">\n<p class=\"content-text__container \" data-track-category=\"Link no Texto\" data-track-links=\"\">O delgado Breno Houly informou que o suspeito ser\u00e1 transferido para uma unidade prisional de Sinop, a 155 km de Col\u00edder.<\/p>\n<p data-track-category=\"Link no Texto\" data-track-links=\"\">\n<\/div>\n<\/div>\n<div id=\"chunk-dhulp\">\n<div class=\"row medium-uncollapsed content-media content-photo\" data-block-type=\"backstage-photo\" data-block-id=\"8\">\n<div class=\"mc-column content-media__container\">\n<div class=\"content-media-container glb-skeleton-box\">\n<figure class=\"content-media-figure\">\n<p><figure style=\"width: 647px\" class=\"wp-caption aligncenter\"><img loading=\"lazy\" decoding=\"async\" class=\"i-amphtml-fill-content i-amphtml-replaced-content\" src=\"https:\/\/s2.glbimg.com\/VOJNlJa2P849GJlf72k0BDUvr0Q=\/0x0:1000x750\/984x0\/smart\/filters:strip_icc()\/i.s3.glbimg.com\/v1\/AUTH_59edd422c0c84a879bd37670ae4f538a\/internal_photos\/bs\/2023\/M\/1\/ZKp0RYTGG4TnYPFenBPA\/dccc.webp\" sizes=\"auto, (max-width: 1366px) 648px, 100vw\" srcset=\"https:\/\/s2.glbimg.com\/HDvFp3ZIIj2P9h8neqoKVrtH8yA=\/0x0:1000x750\/1000x0\/smart\/filters:strip_icc()\/i.s3.glbimg.com\/v1\/AUTH_59edd422c0c84a879bd37670ae4f538a\/internal_photos\/bs\/2023\/M\/1\/ZKp0RYTGG4TnYPFenBPA\/dccc.webp 1000w, https:\/\/s2.glbimg.com\/VOJNlJa2P849GJlf72k0BDUvr0Q=\/0x0:1000x750\/984x0\/smart\/filters:strip_icc()\/i.s3.glbimg.com\/v1\/AUTH_59edd422c0c84a879bd37670ae4f538a\/internal_photos\/bs\/2023\/M\/1\/ZKp0RYTGG4TnYPFenBPA\/dccc.webp 984w, https:\/\/s2.glbimg.com\/WwUw6Hjsry3fxm_ITxMnyC1sYes=\/0x0:1000x750\/640x0\/smart\/filters:strip_icc()\/i.s3.glbimg.com\/v1\/AUTH_59edd422c0c84a879bd37670ae4f538a\/internal_photos\/bs\/2023\/M\/1\/ZKp0RYTGG4TnYPFenBPA\/dccc.webp 640w, https:\/\/s2.glbimg.com\/ZnGJMM7TnNUfOhD7fDy8-WjWxQQ=\/0x0:1000x750\/600x0\/smart\/filters:strip_icc()\/i.s3.glbimg.com\/v1\/AUTH_59edd422c0c84a879bd37670ae4f538a\/internal_photos\/bs\/2023\/M\/1\/ZKp0RYTGG4TnYPFenBPA\/dccc.webp 600w\" alt=\"Suspeito do crime, Jos\u00e9 Edson Santana, est\u00e1 preso. \u2014 Foto: Reprodu\u00e7\u00e3o\" width=\"647\" height=\"485\" \/><figcaption class=\"wp-caption-text\">Suspeito do crime, Jos\u00e9 Edson Santana, est\u00e1 preso. \u2014 Foto: Reprodu\u00e7\u00e3o<\/figcaption><\/figure><\/figure>\n<\/div>\n<p class=\"content-media__description \">\n<\/div>\n<\/div>\n<\/div>\n<div class=\"mc-column content-text active-extra-styles\" data-block-type=\"raw\" data-block-weight=\"2\" data-block-id=\"9\">\n<p class=\"content-text__container\">\n<div class=\"content-intertitle\">\n<h2>O crime<\/h2>\n<p>&nbsp;<\/p>\n<\/div>\n<p>&nbsp;<\/p>\n<\/div>\n<div id=\"chunk-94n3j\">\n<div class=\"mc-column content-text active-extra-styles \" data-block-type=\"unstyled\" data-block-weight=\"34\" data-block-id=\"10\">\n<p class=\"content-text__container \" data-track-category=\"Link no Texto\" data-track-links=\"\">Davi brincava na frente de casa, junto com o irm\u00e3o mais novo, na sexta-feira, quando desapareceu. Um v\u00eddeo mostra o menino em uma moto com Jos\u00e9, momentos antes de ser morto <a href=\"https:\/\/g1.globo.com\/mt\/mato-grosso\/video\/video-mostra-suspeito-e-menino-antes-do-desaparecimento-em-colider-11422731.ghtml\"><strong><em>(assista aqui)<\/em><\/strong><\/a><strong>. <\/strong><\/p>\n<\/div>\n<\/div>\n<div id=\"chunk-754f7\">\n<div class=\"bs-video-block mc-column  content-media content-video\" data-block-type=\"backstage-video\" data-block-id=\"11\">\n<div class=\"content-media__container\">\n<div class=\"content-video__bigger-player-description-fixer\">\n<article class=\"content-video\">\n<section class=\"content-video__video-container\">\n<div class=\"content-video__video\">\n<div class=\"content-video__placeholder\" data-video-id=\"11422731\" data-video-has-viewport-play=\"True\"><\/div>\n<\/div>\n<\/section>\n<\/article>\n<\/div>\n<\/div>\n<\/div>\n<\/div>\n<\/div>\n<div id=\"chunk-28ole\">\n<div class=\"mc-column content-text active-extra-styles \" data-block-type=\"unstyled\" data-block-weight=\"53\" data-block-id=\"13\">\n<p class=\"content-text__container \" data-track-category=\"Link no Texto\" data-track-links=\"\">As imagens mostram o suspeito em uma motocicleta, que, segundo a pol\u00edcia, ele pegou emprestada de um colega de trabalho. Ele para em uma esquina, quando a crian\u00e7a o avista e se aproxima. A crian\u00e7a \u00e9, ent\u00e3o, colocada na garupa. Ainda conforme a pol\u00edcia, ele disse \u00e0 v\u00edtima que iriam comprar uma marmita.<\/p>\n<p data-track-category=\"Link no Texto\" data-track-links=\"\">\n<\/div>\n<\/div>\n<div id=\"chunk-bp1h4\">\n<div class=\"mc-column content-text active-extra-styles \" data-block-type=\"unstyled\" data-block-weight=\"51\" data-block-id=\"14\">\n<p class=\"content-text__container \" data-track-category=\"Link no Texto\" data-track-links=\"\">Jos\u00e9 seguiu com o menino em dire\u00e7\u00e3o \u00e0 estrada para o munic\u00edpio de Nova Cana\u00e3 do Norte, a 680 km de Cuiab\u00e1, e parou em uma ponte, levando a crian\u00e7a at\u00e9 a beira do rio, dizendo que mostraria peixes para ela, tamb\u00e9m conforme as investiga\u00e7\u00f5es. Na sequ\u00eancia, houve o assassinato.<\/p>\n<p data-track-category=\"Link no Texto\" data-track-links=\"\">\n<\/div>\n<\/div>\n<div data-track-category=\"multicontent\" data-track-action=\"ultimo chunk conteudo\" data-track-noninteraction=\"false\" data-track-scroll=\"view\">\n<div id=\"chunk-31eli\">\n<div class=\"mc-column content-text active-extra-styles \" data-block-type=\"unstyled\" data-block-weight=\"20\" data-block-id=\"15\">\n<p class=\"content-text__container \" data-track-category=\"Link no Texto\" data-track-links=\"\">O suspeito teve um relacionamento com a m\u00e3e de Davi e tinha a confian\u00e7a dos filhos dela, segundo as investiga\u00e7\u00f5es.<\/p>\n<p data-track-category=\"Link no Texto\" data-track-links=\"\">\n<p class=\"content-publication-data__from\" title=\"Mariana Mouro e Gustavo Nolasco, g1 MT e TV Centro Am\u00e9rica \">Por Mariana Mouro e Gustavo Nolasco, g1 MT e TV Centro Am\u00e9rica<\/p>\n<\/div>\n<\/div>\n<\/div>\n","protected":false},"excerpt":{"rendered":"<p>A Pol\u00edcia Civil encontrou, na manh\u00e3 desta segunda-feira (6), o corpo de Davi Heitor Prates, de 5 anos, assassinado pelo ex-namorado da m\u00e3e dele, Jos\u00e9 Edson Santana. O menino estava desaparecido desde sexta (3). O suspeito foi preso no s\u00e1bado (4), ap\u00f3s confessar o crime. Caso foi registrado em Col\u00edder, a 648 km de Cuiab\u00e1. [&hellip;]<\/p>\n","protected":false},"author":5,"featured_media":233375,"comment_status":"closed","ping_status":"closed","sticky":false,"template":"","format":"standard","meta":{"footnotes":""},"categories":[38],"tags":[],"class_list":["post-233372","post","type-post","status-publish","format-standard","has-post-thumbnail","hentry","category-policia"],"_links":{"self":[{"href":"https:\/\/www.ocorreionews.com.br\/acervo-correio\/index.php?rest_route=\/wp\/v2\/posts\/233372","targetHints":{"allow":["GET"]}}],"collection":[{"href":"https:\/\/www.ocorreionews.com.br\/acervo-correio\/index.php?rest_route=\/wp\/v2\/posts"}],"about":[{"href":"https:\/\/www.ocorreionews.com.br\/acervo-correio\/index.php?rest_route=\/wp\/v2\/types\/post"}],"author":[{"embeddable":true,"href":"https:\/\/www.ocorreionews.com.br\/acervo-correio\/index.php?rest_route=\/wp\/v2\/users\/5"}],"replies":[{"embeddable":true,"href":"https:\/\/www.ocorreionews.com.br\/acervo-correio\/index.php?rest_route=%2Fwp%2Fv2%2Fcomments&post=233372"}],"version-history":[{"count":1,"href":"https:\/\/www.ocorreionews.com.br\/acervo-correio\/index.php?rest_route=\/wp\/v2\/posts\/233372\/revisions"}],"predecessor-version":[{"id":233378,"href":"https:\/\/www.ocorreionews.com.br\/acervo-correio\/index.php?rest_route=\/wp\/v2\/posts\/233372\/revisions\/233378"}],"wp:featuredmedia":[{"embeddable":true,"href":"https:\/\/www.ocorreionews.com.br\/acervo-correio\/index.php?rest_route=\/wp\/v2\/media\/233375"}],"wp:attachment":[{"href":"https:\/\/www.ocorreionews.com.br\/acervo-correio\/index.php?rest_route=%2Fwp%2Fv2%2Fmedia&parent=233372"}],"wp:term":[{"taxonomy":"category","embeddable":true,"href":"https:\/\/www.ocorreionews.com.br\/acervo-correio\/index.php?rest_route=%2Fwp%2Fv2%2Fcategories&post=233372"},{"taxonomy":"post_tag","embeddable":true,"href":"https:\/\/www.ocorreionews.com.br\/acervo-correio\/index.php?rest_route=%2Fwp%2Fv2%2Ftags&post=233372"}],"curies":[{"name":"wp","href":"https:\/\/api.w.org\/{rel}","templated":true}]}}