{"id":233381,"date":"2023-03-06T16:06:41","date_gmt":"2023-03-06T20:06:41","guid":{"rendered":"https:\/\/www.ocorreionews.com.br\/acervo-correio\/?p=233381"},"modified":"2023-03-06T17:05:16","modified_gmt":"2023-03-06T21:05:16","slug":"video-jovem-de-17-anos-morre-no-paranaense-de-velocross-apos-acidente","status":"publish","type":"post","link":"https:\/\/www.ocorreionews.com.br\/acervo-correio\/?p=233381","title":{"rendered":"V\u00eddeo: Jovem de 17 anos morre no Paranaense de Velocross ap\u00f3s acidente"},"content":{"rendered":"<div id=\"chunk-1cpf4\">\n<div class=\"mc-column content-text active-extra-styles active-capital-letter\" data-block-type=\"unstyled\" data-block-weight=\"40\" data-block-id=\"2\">\n<p class=\"content-text__container theme-color-primary-first-letter\" data-track-category=\"Link no Texto\" data-track-links=\"\">A jovem paranaense <strong>Gabriela Valentini<\/strong>, 17 anos, morreu na tarde de domingo na pista do Parque de Exposi\u00e7\u00f5es e Eventos da Lapa, na Regi\u00e3o Metropolitana de Curitiba. <span class=\"highlight highlighted\">Ela sofreu um acidente na 1\u00aa etapa do Campeonato Paranaense de Velocross.<\/span><\/p>\n<p data-track-category=\"Link no Texto\" data-track-links=\"\">\n<\/div>\n<\/div>\n<div id=\"chunk-afjli\">\n<div class=\"mc-column content-text active-extra-styles \" data-block-type=\"unstyled\" data-block-weight=\"38\" data-block-id=\"4\">\n<p class=\"content-text__container \" data-track-category=\"Link no Texto\" data-track-links=\"\">A v\u00edtima sofreu uma queda em uma das baterias da categoria VXF Especial. No v\u00eddeo, \u00e9 poss\u00edvel ver que ela perdeu o controle da dire\u00e7\u00e3o, capotou, foi atingida pela pr\u00f3pria moto e ficou desacordada no ch\u00e3o. <strong><em>(Assista abaixo)<\/em><\/strong><\/p>\n<div style=\"width: 640px;\" class=\"wp-video\"><!--[if lt IE 9]><script>document.createElement('video');<\/script><![endif]-->\n<video class=\"wp-video-shortcode\" id=\"video-233381-1\" width=\"640\" height=\"360\" preload=\"metadata\" controls=\"controls\"><source type=\"video\/mp4\" src=\"https:\/\/www.bandab.com.br\/wp-content\/uploads\/2023\/03\/acidente-gabriela-motocross.mp4?_=1\" \/><a href=\"https:\/\/www.bandab.com.br\/wp-content\/uploads\/2023\/03\/acidente-gabriela-motocross.mp4\">https:\/\/www.bandab.com.br\/wp-content\/uploads\/2023\/03\/acidente-gabriela-motocross.mp4<\/a><\/video><\/div>\n<\/div>\n<\/div>\n<div id=\"chunk-fo3v9\">\n<div class=\"mc-column content-text active-extra-styles \" data-block-type=\"unstyled\" data-block-weight=\"33\" data-block-id=\"5\">\n<p class=\"content-text__container \" data-track-category=\"Link no Texto\" data-track-links=\"\">Gabriela acabou atendida pela equipe de socorro para tentar ser reanimada e depois foi encaminhada ao Hospital Regional S\u00e3o Sebasti\u00e3o, na Lapa, mas n\u00e3o resistiu. <strong>A causa da morte ainda n\u00e3o teve confirma\u00e7\u00e3o.<\/strong><\/p>\n<\/div>\n<\/div>\n<div id=\"chunk-9265e\">\n<div class=\"content-ads content-ads--reveal\" data-block-type=\"ads\" data-block-id=\"6\">\n<div><\/div>\n<\/div>\n<\/div>\n<div id=\"chunk-b6edc\">\n<div class=\"mc-column content-text active-extra-styles \" data-block-type=\"unstyled\" data-block-weight=\"22\" data-block-id=\"7\">\n<p class=\"content-text__container \" data-track-category=\"Link no Texto\" data-track-links=\"\">O sepultamento e o vel\u00f3rio acontecem na capela 2 do Cemit\u00e9rio Boqueir\u00e3o, em Curitiba, das 18h desta segunda-feira at\u00e9 10h de ter\u00e7a.<\/p>\n<p data-track-category=\"Link no Texto\" data-track-links=\"\">\n<\/div>\n<\/div>\n<div id=\"chunk-6udl6\">\n<div class=\"mc-column content-text active-extra-styles \" data-block-type=\"unstyled\" data-block-weight=\"33\" data-block-id=\"10\">\n<p class=\"content-text__container \" data-track-category=\"Link no Texto\" data-track-links=\"\">Natural de Curitiba, ela compartilhava a paix\u00e3o pelo esporte nas redes sociais e tinha mais de quatro mil seguidores. Gabriela tirou uma foto pouco antes de disputar o torneio, ao lado da moto.<\/p>\n<p data-track-category=\"Link no Texto\" data-track-links=\"\">\n<\/div>\n<\/div>\n<div id=\"chunk-8qr8t\">\n<div class=\"mc-column content-text active-extra-styles \" data-block-type=\"unstyled\" data-block-weight=\"27\" data-block-id=\"11\">\n<p class=\"content-text__container \" data-track-category=\"Link no Texto\" data-track-links=\"\">O velocross \u00e9 uma modalidade semelhante ao motocross, mas n\u00e3o h\u00e1 saltos. A Federa\u00e7\u00e3o Paranaense de Motociclismo se manifestou nesta segunda-feira e lamentou a morte de Gabriela.<\/p>\n<p data-track-category=\"Link no Texto\" data-track-links=\"\">\n<\/div>\n<\/div>\n<div id=\"chunk-4baqu\">\n<div class=\"mc-column content-text active-extra-styles \" data-block-type=\"unstyled\" data-block-weight=\"38\" data-block-id=\"12\">\n<p class=\"content-text__container \" data-track-category=\"Link no Texto\" data-track-links=\"\">&#8211; Gabriela deixa seu nome na galeria de pilotos vencedores da modalidade, no Paran\u00e1 e no Brasil. Perante a essa trag\u00e9dia, nos colocamos \u00e0 disposi\u00e7\u00e3o para auxiliar no que estiver ao nosso alcance &#8211; diz a nota.<\/p>\n<p data-track-category=\"Link no Texto\" data-track-links=\"\">\n<\/div>\n<\/div>\n<div id=\"chunk-8qlq1\">\n<div class=\"content-ads content-ads--reveal\" data-block-type=\"ads\" data-block-id=\"13\">\n<div id=\"banner_materia__6d992d1f-b493-4f8c-b368-c7e45d5a84f7\" class=\"tag-manager-publicidade-container mc-has-reveal mc-has-ad-lazyload tag-manager-publicidade-banner_materia__6d992d1f-b493-4f8c-b368-c7e45d5a84f7 tag-manager-publicidade-container--carregado tag-manager-publicidade-container--visivel\" data-id=\"banner_materia__6d992d1f-b493-4f8c-b368-c7e45d5a84f7\" data-google-query-id=\"CMOrm9eHyP0CFY6RlQIdHTsIfg\">\n<div id=\"google_ads_iframe_\/95377733\/tvg_GE\/Sua_Regiao&gt;Sul&gt;Parana_5__container__\"><\/div>\n<\/div>\n<\/div>\n<\/div>\n<div id=\"chunk-6l3cg\">\n<div class=\"mc-column mc-block-embed \" data-block-type=\"embed-social-instagram\" data-block-id=\"14\"><iframe class=\"i-amphtml-fill-content\" title=\"Instagram: null\" src=\"https:\/\/www.instagram.com\/p\/Cax89FgLKmL\/embed\/captioned\/?cr=1&amp;v=12\" frameborder=\"0\" scrolling=\"no\" data-mce-fragment=\"1\"><\/iframe><\/div>\n<\/div>\n<div id=\"chunk-2moql\">\n<div class=\"mc-column content-text active-extra-styles \" data-block-type=\"unstyled\" data-block-weight=\"6\" data-block-id=\"15\">\n<p class=\"content-text__container \" data-track-category=\"Link no Texto\" data-track-links=\"\"><strong>Nota da Federa\u00e7\u00e3o Paranaense de Motociclismo<\/strong><\/p>\n<p data-track-category=\"Link no Texto\" data-track-links=\"\">\n<\/div>\n<\/div>\n<div id=\"chunk-7d5s3\">\n<div class=\"mc-column content-text active-extra-styles \" data-block-type=\"unstyled\" data-block-weight=\"71\" data-block-id=\"16\">\n<p class=\"content-text__container \" data-track-category=\"Link no Texto\" data-track-links=\"\"><em>&#8220;A Federa\u00e7\u00e3o Paranaense de Motociclismo do Paran\u00e1 (FPRM) manifesta seu pesar pelo falecimento da piloto Gabriela Valentini, de 17 anos, que sofreu um acidente durante a prova de abertura do Campeonato Paranaense da Modalidade Velocross, disputada no dia 05\/03, no munic\u00edpio da Lapa\/ PR. A equipe de socorro que estava no local prestou os primeiros atendimentos e conduziu a piloto at\u00e9 o Hospital, mas infelizmente a mesma n\u00e3o resistiu aos ferimentos.<\/em><\/p>\n<p data-track-category=\"Link no Texto\" data-track-links=\"\">\n<\/div>\n<\/div>\n<div id=\"chunk-1jbkh\">\n<div class=\"mc-column content-text active-extra-styles \" data-block-type=\"unstyled\" data-block-weight=\"58\" data-block-id=\"17\">\n<p class=\"content-text__container \" data-track-category=\"Link no Texto\" data-track-links=\"\"><em>Gabriela deixa seu nome na galeria de pilotos vencedores da modalidade, no Paran\u00e1 e no Brasil. A entidade, na pessoa de seu presidente Gilberto Rosa, se manifesta neste momento de perda e de dor, solidarizando-se junto aos familiares, amigos e admiradores. Perante a essa trag\u00e9dia, nos colocamos \u00e0 disposi\u00e7\u00e3o para auxiliar no que estiver ao nosso alcance. <\/em><\/p>\n<\/div>\n<\/div>\n<div id=\"chunk-97gq2\">\n<div class=\"content-ads content-ads--reveal\" data-block-type=\"ads\" data-block-id=\"18\">\n<div><\/div>\n<\/div>\n<\/div>\n<div id=\"chunk-4lepl\">\n<div class=\"mc-column content-text active-extra-styles \" data-block-type=\"unstyled\" data-block-weight=\"7\" data-block-id=\"19\">\n<p class=\"content-text__container \" data-track-category=\"Link no Texto\" data-track-links=\"\"><em>Que Deus conforte o cora\u00e7\u00e3o de todos.<\/em><\/p>\n<p data-track-category=\"Link no Texto\" data-track-links=\"\">\n<\/div>\n<\/div>\n<div id=\"chunk-b7p9d\">\n<div class=\"mc-column content-text active-extra-styles \" data-block-type=\"unstyled\" data-block-weight=\"6\" data-block-id=\"20\">\n<p class=\"content-text__container \" data-track-category=\"Link no Texto\" data-track-links=\"\"><em>&#8211; Gilberto Rosa, Presidente da FPRM&#8221;<\/em><\/p>\n<\/div>\n<\/div>\n<p data-track-category=\"Link no Texto\" data-track-links=\"\">*Por Reda\u00e7\u00e3o do ge \u2014 Curitiba<\/p>\n<div style=\"width: 640px;\" class=\"wp-video\"><video class=\"wp-video-shortcode\" id=\"video-233381-2\" width=\"640\" height=\"352\" preload=\"metadata\" controls=\"controls\"><source type=\"video\/mp4\" src=\"https:\/\/www.ocorreionews.com.br\/acervo-correio\/wp-content\/uploads\/2023\/03\/acidente-gabriela-motocross.mp4?_=2\" \/><a href=\"https:\/\/www.ocorreionews.com.br\/acervo-correio\/wp-content\/uploads\/2023\/03\/acidente-gabriela-motocross.mp4\">https:\/\/www.ocorreionews.com.br\/acervo-correio\/wp-content\/uploads\/2023\/03\/acidente-gabriela-motocross.mp4<\/a><\/video><\/div>\n","protected":false},"excerpt":{"rendered":"<p>A jovem paranaense Gabriela Valentini, 17 anos, morreu na tarde de domingo na pista do Parque de Exposi\u00e7\u00f5es e Eventos da Lapa, na Regi\u00e3o Metropolitana de Curitiba. Ela sofreu um acidente na 1\u00aa etapa do Campeonato Paranaense de Velocross. A v\u00edtima sofreu uma queda em uma das baterias da categoria VXF Especial. No v\u00eddeo, \u00e9 [&hellip;]<\/p>\n","protected":false},"author":5,"featured_media":233382,"comment_status":"closed","ping_status":"closed","sticky":false,"template":"","format":"standard","meta":{"footnotes":""},"categories":[29],"tags":[],"class_list":["post-233381","post","type-post","status-publish","format-standard","has-post-thumbnail","hentry","category-esporte"],"_links":{"self":[{"href":"https:\/\/www.ocorreionews.com.br\/acervo-correio\/index.php?rest_route=\/wp\/v2\/posts\/233381","targetHints":{"allow":["GET"]}}],"collection":[{"href":"https:\/\/www.ocorreionews.com.br\/acervo-correio\/index.php?rest_route=\/wp\/v2\/posts"}],"about":[{"href":"https:\/\/www.ocorreionews.com.br\/acervo-correio\/index.php?rest_route=\/wp\/v2\/types\/post"}],"author":[{"embeddable":true,"href":"https:\/\/www.ocorreionews.com.br\/acervo-correio\/index.php?rest_route=\/wp\/v2\/users\/5"}],"replies":[{"embeddable":true,"href":"https:\/\/www.ocorreionews.com.br\/acervo-correio\/index.php?rest_route=%2Fwp%2Fv2%2Fcomments&post=233381"}],"version-history":[{"count":1,"href":"https:\/\/www.ocorreionews.com.br\/acervo-correio\/index.php?rest_route=\/wp\/v2\/posts\/233381\/revisions"}],"predecessor-version":[{"id":233397,"href":"https:\/\/www.ocorreionews.com.br\/acervo-correio\/index.php?rest_route=\/wp\/v2\/posts\/233381\/revisions\/233397"}],"wp:featuredmedia":[{"embeddable":true,"href":"https:\/\/www.ocorreionews.com.br\/acervo-correio\/index.php?rest_route=\/wp\/v2\/media\/233382"}],"wp:attachment":[{"href":"https:\/\/www.ocorreionews.com.br\/acervo-correio\/index.php?rest_route=%2Fwp%2Fv2%2Fmedia&parent=233381"}],"wp:term":[{"taxonomy":"category","embeddable":true,"href":"https:\/\/www.ocorreionews.com.br\/acervo-correio\/index.php?rest_route=%2Fwp%2Fv2%2Fcategories&post=233381"},{"taxonomy":"post_tag","embeddable":true,"href":"https:\/\/www.ocorreionews.com.br\/acervo-correio\/index.php?rest_route=%2Fwp%2Fv2%2Ftags&post=233381"}],"curies":[{"name":"wp","href":"https:\/\/api.w.org\/{rel}","templated":true}]}}