{"id":233389,"date":"2023-03-06T16:14:09","date_gmt":"2023-03-06T20:14:09","guid":{"rendered":"https:\/\/www.ocorreionews.com.br\/acervo-correio\/?p=233389"},"modified":"2023-03-06T16:14:09","modified_gmt":"2023-03-06T20:14:09","slug":"empresario-vaner-pelegrin-assume-a-presidencia-do-conselho-comunitario-de-seguranca-de-paraiso-das-aguas","status":"publish","type":"post","link":"https:\/\/www.ocorreionews.com.br\/acervo-correio\/?p=233389","title":{"rendered":"Empres\u00e1rio Vaner Pelegrin assume a presid\u00eancia do Conselho Comunit\u00e1rio de Seguran\u00e7a de Para\u00edso das \u00c1guas"},"content":{"rendered":"<p>O empres\u00e1rio e produtor rural Vaner Jos\u00e9 Pelegrin assumiu a presid\u00eancia do Conselho Comunit\u00e1rio de Seguran\u00e7a de Para\u00edso das \u00c1guas (CCSPA), para o pr\u00f3ximo tri\u00eanio 2023-2026.<\/p>\n<p>Vaner assume o cargo do tamb\u00e9m produtor rural F\u00e1bio de Souza Martins, que esteve por dois mandatos, que agora, continua fazendo parte da diretoria, como vice-presidente.<\/p>\n<p>H\u00e1 uma importante atua\u00e7\u00e3o do Conselho na seguran\u00e7a p\u00fablica do munic\u00edpio, bem como a manuten\u00e7\u00e3o do Patrulhamento Rural, criado em parceria com v\u00e1rios produtores rurais da regi\u00e3o, Pol\u00edcia Militar e Pol\u00edcia Civil.<\/p>\n<p>O CCSPA foi fundado em 2014 para somar com a seguran\u00e7a de Para\u00edso das \u00c1guas. Uma das principais conquistas desta entidade, foi recentemente, a implanta\u00e7\u00e3o do sistema de monitoramento eletr\u00f4nico, que est\u00e1 sendo implantado na sede e distritos de Para\u00edso das \u00c1guas. Parceria com os poderes Executivo e Legislativo Municipal.<\/p>\n<p>O Conselho Comunit\u00e1rio de Seguran\u00e7a de Para\u00edso da \u00c1guas est\u00e1 composto assim:<\/p>\n<p>Presidente: Vaner Jos\u00e9 Pelegrin<\/p>\n<p>Vice-presidente: F\u00e1bio de Souza Martins<\/p>\n<p>Primeiro-secret\u00e1rio: Fernando de Brito<\/p>\n<p>Segundo-secret\u00e1rio: Irma Terezinha C\u00f3tica Grisuki<\/p>\n<p>Primeiro-tesoureiro: Gilsemar Fazioni<\/p>\n<p>Segundo-tesoureiro: Evandro S\u00e9rgio de Freitas<\/p>\n<p>Conselho Fiscal:<\/p>\n<p><span style=\"font-family: Verdana;\">Guilherme Maia J\u00fanior<\/span><\/p>\n<p><span style=\"font-family: Verdana;\">Jorge Alves de Oliveira<\/span><\/p>\n<p>Jo\u00e3o Carlos Clarindo Costa<\/p>\n<p><span style=\"font-family: Verdana;\">F\u00e1tima Maria Queiroz Dutra<\/span><\/p>\n<p>Juraci Severino Paniago<\/p>\n<p>Calzaimar Alves Azeredo Caires Maia<\/p>\n<p>BNCnews<\/p>\n","protected":false},"excerpt":{"rendered":"<p>O empres\u00e1rio e produtor rural Vaner Jos\u00e9 Pelegrin assumiu a presid\u00eancia do Conselho Comunit\u00e1rio de Seguran\u00e7a de Para\u00edso das \u00c1guas (CCSPA), para o pr\u00f3ximo tri\u00eanio 2023-2026. Vaner assume o cargo do tamb\u00e9m produtor rural F\u00e1bio de Souza Martins, que esteve por dois mandatos, que agora, continua fazendo parte da diretoria, como vice-presidente. H\u00e1 uma importante [&hellip;]<\/p>\n","protected":false},"author":4,"featured_media":233391,"comment_status":"closed","ping_status":"closed","sticky":false,"template":"","format":"standard","meta":{"footnotes":""},"categories":[36],"tags":[],"class_list":["post-233389","post","type-post","status-publish","format-standard","has-post-thumbnail","hentry","category-paraiso-das-aguas"],"_links":{"self":[{"href":"https:\/\/www.ocorreionews.com.br\/acervo-correio\/index.php?rest_route=\/wp\/v2\/posts\/233389","targetHints":{"allow":["GET"]}}],"collection":[{"href":"https:\/\/www.ocorreionews.com.br\/acervo-correio\/index.php?rest_route=\/wp\/v2\/posts"}],"about":[{"href":"https:\/\/www.ocorreionews.com.br\/acervo-correio\/index.php?rest_route=\/wp\/v2\/types\/post"}],"author":[{"embeddable":true,"href":"https:\/\/www.ocorreionews.com.br\/acervo-correio\/index.php?rest_route=\/wp\/v2\/users\/4"}],"replies":[{"embeddable":true,"href":"https:\/\/www.ocorreionews.com.br\/acervo-correio\/index.php?rest_route=%2Fwp%2Fv2%2Fcomments&post=233389"}],"version-history":[{"count":1,"href":"https:\/\/www.ocorreionews.com.br\/acervo-correio\/index.php?rest_route=\/wp\/v2\/posts\/233389\/revisions"}],"predecessor-version":[{"id":233392,"href":"https:\/\/www.ocorreionews.com.br\/acervo-correio\/index.php?rest_route=\/wp\/v2\/posts\/233389\/revisions\/233392"}],"wp:featuredmedia":[{"embeddable":true,"href":"https:\/\/www.ocorreionews.com.br\/acervo-correio\/index.php?rest_route=\/wp\/v2\/media\/233391"}],"wp:attachment":[{"href":"https:\/\/www.ocorreionews.com.br\/acervo-correio\/index.php?rest_route=%2Fwp%2Fv2%2Fmedia&parent=233389"}],"wp:term":[{"taxonomy":"category","embeddable":true,"href":"https:\/\/www.ocorreionews.com.br\/acervo-correio\/index.php?rest_route=%2Fwp%2Fv2%2Fcategories&post=233389"},{"taxonomy":"post_tag","embeddable":true,"href":"https:\/\/www.ocorreionews.com.br\/acervo-correio\/index.php?rest_route=%2Fwp%2Fv2%2Ftags&post=233389"}],"curies":[{"name":"wp","href":"https:\/\/api.w.org\/{rel}","templated":true}]}}