{"id":233445,"date":"2023-03-07T10:20:20","date_gmt":"2023-03-07T14:20:20","guid":{"rendered":"https:\/\/www.ocorreionews.com.br\/acervo-correio\/?p=233445"},"modified":"2023-03-07T10:40:01","modified_gmt":"2023-03-07T14:40:01","slug":"delegado-representa-pela-prisao-preventiva-de-casal-que-torturou-criancas-em-chapadao-do-sul","status":"publish","type":"post","link":"https:\/\/www.ocorreionews.com.br\/acervo-correio\/?p=233445","title":{"rendered":"Delegado representa pela pris\u00e3o preventiva de casal que torturou crian\u00e7as em Chapad\u00e3o do Sul"},"content":{"rendered":"<p>O Delegado da Policia Civil de Chapad\u00e3o do Sul Felipe Potter vai pedir pela pris\u00e3o preventiva da m\u00e3e e padrasto que torturavam duas crian\u00e7as de 4 e 6 anos.<\/p>\n<p>A m\u00e3e de 21 anos e o padrasto de 27 anos, foram presos em flagrantes pela pol\u00edcia militar, na noite dessa segunda-feira (6) ap\u00f3s uma den\u00fancia an\u00f4nima.<\/p>\n<p>Segundo o delegado Felipe Potter, durante o depoimento a m\u00e3e n\u00e3o demonstrava arrependimento e bastante fria contou que sempre aplicava castigos nas filhas e que o padrasto das meninas tamb\u00e9m praticava nas agress\u00f5es nas enteadas. Potter tamb\u00e9m informou que durante interrogat\u00f3rio, a mulher contou com detalhes de como as crian\u00e7as eram agredidas pelo casal.<\/p>\n<p>Ainda segundo Potter, o casal obrigou as meninas a ficarem por cerca de 1 hora ajoelhadas nas tampinhas de garrafas em forma de castiga-las por ter ficado at\u00e9 tarde fora de casa brincando. E n\u00e3o era a primeira vez que as crian\u00e7as era submetidas a este tipo de tortura.<\/p>\n<p>As crian\u00e7as passaram por exame de corpo de delito no Hospital Municipal, onde o m\u00e9dico constatou v\u00e1rias agress\u00f5es espalhadas pelos os corpos das crian\u00e7as como atuais e anteriores e causava dores intensas nas meninas.<\/p>\n<p>O Conselho Tutelar da cidade foi acionado acompanhou todo o caso e as meninas foram abrigadas pelos conselheiros.<\/p>\n<p>Ap\u00f3s serem resgatadas pelos policias militares, as crian\u00e7as ainda relataram que estavam com fome.<\/p>\n<p>O nome do casal n\u00e3o ser\u00e1 revelado, para protegerem a identidades das crian\u00e7as.<\/p>\n<p><a href=\"https:\/\/www.ocorreionews.com.br\/acervo-correio\/wp-content\/uploads\/2023\/03\/criancas-agredida-rua-tiziu.jpg\"><img loading=\"lazy\" decoding=\"async\" class=\"alignnone size-full wp-image-233434\" src=\"https:\/\/www.ocorreionews.com.br\/acervo-correio\/wp-content\/uploads\/2023\/03\/criancas-agredida-rua-tiziu.jpg\" alt=\"\" width=\"750\" height=\"420\" srcset=\"https:\/\/www.ocorreionews.com.br\/acervo-correio\/wp-content\/uploads\/2023\/03\/criancas-agredida-rua-tiziu.jpg 750w, https:\/\/www.ocorreionews.com.br\/acervo-correio\/wp-content\/uploads\/2023\/03\/criancas-agredida-rua-tiziu-300x168.jpg 300w\" sizes=\"auto, (max-width: 750px) 100vw, 750px\" \/><\/a><\/p>\n","protected":false},"excerpt":{"rendered":"<p>O Delegado da Policia Civil de Chapad\u00e3o do Sul Felipe Potter vai pedir pela pris\u00e3o preventiva da m\u00e3e e padrasto que torturavam duas crian\u00e7as de 4 e 6 anos. A m\u00e3e de 21 anos e o padrasto de 27 anos, foram presos em flagrantes pela pol\u00edcia militar, na noite dessa segunda-feira (6) ap\u00f3s uma den\u00fancia [&hellip;]<\/p>\n","protected":false},"author":5,"featured_media":233433,"comment_status":"closed","ping_status":"closed","sticky":false,"template":"","format":"standard","meta":{"footnotes":""},"categories":[23,41],"tags":[],"class_list":["post-233445","post","type-post","status-publish","format-standard","has-post-thumbnail","hentry","category-chapadao-do-sul","category-destaque"],"_links":{"self":[{"href":"https:\/\/www.ocorreionews.com.br\/acervo-correio\/index.php?rest_route=\/wp\/v2\/posts\/233445","targetHints":{"allow":["GET"]}}],"collection":[{"href":"https:\/\/www.ocorreionews.com.br\/acervo-correio\/index.php?rest_route=\/wp\/v2\/posts"}],"about":[{"href":"https:\/\/www.ocorreionews.com.br\/acervo-correio\/index.php?rest_route=\/wp\/v2\/types\/post"}],"author":[{"embeddable":true,"href":"https:\/\/www.ocorreionews.com.br\/acervo-correio\/index.php?rest_route=\/wp\/v2\/users\/5"}],"replies":[{"embeddable":true,"href":"https:\/\/www.ocorreionews.com.br\/acervo-correio\/index.php?rest_route=%2Fwp%2Fv2%2Fcomments&post=233445"}],"version-history":[{"count":1,"href":"https:\/\/www.ocorreionews.com.br\/acervo-correio\/index.php?rest_route=\/wp\/v2\/posts\/233445\/revisions"}],"predecessor-version":[{"id":233448,"href":"https:\/\/www.ocorreionews.com.br\/acervo-correio\/index.php?rest_route=\/wp\/v2\/posts\/233445\/revisions\/233448"}],"wp:featuredmedia":[{"embeddable":true,"href":"https:\/\/www.ocorreionews.com.br\/acervo-correio\/index.php?rest_route=\/wp\/v2\/media\/233433"}],"wp:attachment":[{"href":"https:\/\/www.ocorreionews.com.br\/acervo-correio\/index.php?rest_route=%2Fwp%2Fv2%2Fmedia&parent=233445"}],"wp:term":[{"taxonomy":"category","embeddable":true,"href":"https:\/\/www.ocorreionews.com.br\/acervo-correio\/index.php?rest_route=%2Fwp%2Fv2%2Fcategories&post=233445"},{"taxonomy":"post_tag","embeddable":true,"href":"https:\/\/www.ocorreionews.com.br\/acervo-correio\/index.php?rest_route=%2Fwp%2Fv2%2Ftags&post=233445"}],"curies":[{"name":"wp","href":"https:\/\/api.w.org\/{rel}","templated":true}]}}