{"id":233451,"date":"2023-03-07T12:25:23","date_gmt":"2023-03-07T16:25:23","guid":{"rendered":"https:\/\/www.ocorreionews.com.br\/acervo-correio\/?p=233451"},"modified":"2023-03-07T12:27:59","modified_gmt":"2023-03-07T16:27:59","slug":"chapadao-do-sul-sera-palco-de-uma-das-maiores-duplas-do-pais-hugo-guilherme","status":"publish","type":"post","link":"https:\/\/www.ocorreionews.com.br\/acervo-correio\/?p=233451","title":{"rendered":"Chapad\u00e3o do Sul ser\u00e1 palco de uma das maiores duplas do pa\u00eds Hugo &#038; Guilherme"},"content":{"rendered":"<p>Uma das duplas mais tocadas nos \u00faltimos anos no Brasil, os sertanejos Hugo &amp; Guilherme estar\u00e3o se apresentando em Chapad\u00e3o Sul no m\u00eas de outubro.<\/p>\n<p>O promoter Ary Barros em contato com nossa reportagem, confirmou a vinda dos artistas para o dia 10 de Outubro (V\u00e9spera de Feriado de aniversario de MS).<\/p>\n<p>Nos pr\u00f3ximos dias ser\u00e3o divulgados mais detalhes deste grande show que acontecer\u00e1 em Chapad\u00e3o do Sul.<\/p>\n<p>AryBarros j\u00e1 foi respons\u00e1vel pela vinda de grandes shows para Chapad\u00e3o do Sul.<\/p>\n","protected":false},"excerpt":{"rendered":"<p>Uma das duplas mais tocadas nos \u00faltimos anos no Brasil, os sertanejos Hugo &amp; Guilherme estar\u00e3o se apresentando em Chapad\u00e3o Sul no m\u00eas de outubro. O promoter Ary Barros em contato com nossa reportagem, confirmou a vinda dos artistas para o dia 10 de Outubro (V\u00e9spera de Feriado de aniversario de MS). Nos pr\u00f3ximos dias [&hellip;]<\/p>\n","protected":false},"author":5,"featured_media":233452,"comment_status":"closed","ping_status":"closed","sticky":false,"template":"","format":"standard","meta":{"footnotes":""},"categories":[23,41],"tags":[],"class_list":["post-233451","post","type-post","status-publish","format-standard","has-post-thumbnail","hentry","category-chapadao-do-sul","category-destaque"],"_links":{"self":[{"href":"https:\/\/www.ocorreionews.com.br\/acervo-correio\/index.php?rest_route=\/wp\/v2\/posts\/233451","targetHints":{"allow":["GET"]}}],"collection":[{"href":"https:\/\/www.ocorreionews.com.br\/acervo-correio\/index.php?rest_route=\/wp\/v2\/posts"}],"about":[{"href":"https:\/\/www.ocorreionews.com.br\/acervo-correio\/index.php?rest_route=\/wp\/v2\/types\/post"}],"author":[{"embeddable":true,"href":"https:\/\/www.ocorreionews.com.br\/acervo-correio\/index.php?rest_route=\/wp\/v2\/users\/5"}],"replies":[{"embeddable":true,"href":"https:\/\/www.ocorreionews.com.br\/acervo-correio\/index.php?rest_route=%2Fwp%2Fv2%2Fcomments&post=233451"}],"version-history":[{"count":1,"href":"https:\/\/www.ocorreionews.com.br\/acervo-correio\/index.php?rest_route=\/wp\/v2\/posts\/233451\/revisions"}],"predecessor-version":[{"id":233455,"href":"https:\/\/www.ocorreionews.com.br\/acervo-correio\/index.php?rest_route=\/wp\/v2\/posts\/233451\/revisions\/233455"}],"wp:featuredmedia":[{"embeddable":true,"href":"https:\/\/www.ocorreionews.com.br\/acervo-correio\/index.php?rest_route=\/wp\/v2\/media\/233452"}],"wp:attachment":[{"href":"https:\/\/www.ocorreionews.com.br\/acervo-correio\/index.php?rest_route=%2Fwp%2Fv2%2Fmedia&parent=233451"}],"wp:term":[{"taxonomy":"category","embeddable":true,"href":"https:\/\/www.ocorreionews.com.br\/acervo-correio\/index.php?rest_route=%2Fwp%2Fv2%2Fcategories&post=233451"},{"taxonomy":"post_tag","embeddable":true,"href":"https:\/\/www.ocorreionews.com.br\/acervo-correio\/index.php?rest_route=%2Fwp%2Fv2%2Ftags&post=233451"}],"curies":[{"name":"wp","href":"https:\/\/api.w.org\/{rel}","templated":true}]}}