{"id":233528,"date":"2023-03-08T08:43:43","date_gmt":"2023-03-08T12:43:43","guid":{"rendered":"https:\/\/www.ocorreionews.com.br\/acervo-correio\/?p=233528"},"modified":"2023-03-08T08:54:34","modified_gmt":"2023-03-08T12:54:34","slug":"horrorizada-avo-diz-que-pai-vai-pedir-guarda-de-meninas-torturadas-pela-mae-e-padrasto-em-chapadao-do-sul","status":"publish","type":"post","link":"https:\/\/www.ocorreionews.com.br\/acervo-correio\/?p=233528","title":{"rendered":"Av\u00f3 paterna diz que pai vai pedir guarda de meninas torturadas pela m\u00e3e e padrasto em Chapad\u00e3o do Sul"},"content":{"rendered":"<div class=\"elementor-element elementor-element-33095f69 elementor-widget elementor-widget-theme-post-content\" data-id=\"33095f69\" data-element_type=\"widget\" data-widget_type=\"theme-post-content.default\">\n<div class=\"elementor-widget-container\">\n<p>Ainda em choque e sem acreditar, a av\u00f3 paterna das meninas que eram torturadas em Chapad\u00e3o do Sul,, contou ao Jornal Midiamax\u00a0 da capital ,que n\u00e3o fazia ideia do que estava acontecendo com as netas.<\/p>\n<p>As meninas foram resgatadas pela pol\u00edcia na noite desta segunda-feira (6) ap\u00f3s den\u00fancia de um vizinhos. A m\u00e3e delas, de 21 anos, e o padrasto foram presos em flagrante por maus-tratos e les\u00e3o corporal dolosa.<\/p>\n<p>&#8220;Meu filho est\u00e1 sofrendo muito, paralisado com a situa\u00e7\u00e3o. Nunca pensei que fosse acontecer alguma coisa dessas. Ela nunca foi desse jeito, n\u00e3o d\u00e1 pra imaginar. S\u00f3 acredito olhando na cara dela&#8221;, disse a mulher de 42 anos.<\/p>\n<p>Segundo a mulher, o filho e a nora ficaram quase sete anos juntos, se separaram no meio de 2022 mas ainda s\u00e3o casados no papel. &#8220;Ela sempre foi uma boa m\u00e3e, n\u00e3o acredito que teria coragem de fazer isso. Pra deixar uma coisa dessa acontecer ou ela estava em cativeiro ou usando droga&#8221;, lamenta.<\/p>\n<p>Na madrugada desta quarta-feira (8) o pai das meninas, junto com as av\u00f3s, paterna e materna, vieram para Chapad\u00e3o do Sul para pegar as duas, que est\u00e3o acolhidas no Conselho Tutelar. &#8220;Ainda n\u00e3o consegui conversar com a m\u00e3e da minha nora, mas imagino que ela tamb\u00e9m esteja horrorizada&#8221;, falou. O pai entrar\u00e1 com o pedido de guarda.<\/p>\n<p>&#8220;Toda vez que minha nora viajava para Chapad\u00e3o ela deixava as meninas comigo, nunca tinha levado as duas pra casa desse namorado. Dessa vez mentiu, disse que ia visitar o pai dela&#8221;, conta a av\u00f3 das crian\u00e7as.<\/p>\n<p>Segundo a mulher, a nora n\u00e3o atendia mais as liga\u00e7\u00f5es e nem respondia as mensagens j\u00e1 tinha cerca de 30 dias. Ningu\u00e9m da fam\u00edlia paterna sabia onde elas estavam. &#8220;E se os vizinhos n\u00e3o tivessem denunciado? O que teria acontecido com as minhas netas?&#8221;, questiona aos prantos.<\/p>\n<p>A av\u00f3 s\u00f3 ficou sabendo do que estava acontecendo no final da tarde desta ter\u00e7a-feira. &#8220;Fui trabalhar hoje e ouvi o pessoal comentando, fiquei horrorizada, mas n\u00e3o fazia ideia que era com as minhas netas. Tava trabalhando hoje \u00e0 tarde e minhas filhas me ligando, perguntando se eu estava chegando em casa, foi quando me contaram. T\u00e1 doendo muito&#8221;, diz.<\/p>\n<p>Nesta quarta-feira a av\u00f3 paterna completa 43 anos de idade e reencontrar as netas ser\u00e1 a forma de comemorar. &#8220;Meu presente s\u00e3o as minhas netas, pegar ela de volta e trazer pra casa&#8221;, finalizou, complementando que n\u00e3o v\u00ea a hora de conseguir encontr\u00e1-las.<\/p>\n<h2 id=\"h-irmas-eram-submetidas-a-torturas-constantes\">Irm\u00e3s eram submetidas a torturas constantes<\/h2>\n<p>Os policiais foram acionados por volta das 21 horas de segunda e encontraram as meninas com v\u00e1rios ferimentos pelo corpo, alguns ainda com sangue. As irm\u00e3s tinham les\u00f5es nos bra\u00e7os, pernas, abd\u00f4men e costas.<\/p>\n<p>As meninas contaram que eram agredidas constantemente pela m\u00e3e e um dos castigos era ficar de joelhos em tampinhas de garrafas feitas de ferro. O m\u00e9dico que atendeu as irm\u00e3s relatou que as les\u00f5es causadas pelas agress\u00f5es causavam dor intensa \u00e0s meninas.<\/p>\n<p>O Conselho Tutelar foi acionado e as irm\u00e3s ficaram sob a tutela dos conselheiros. A m\u00e3e e o padrasto foram encaminhados para a\u00a0delegacia\u00a0e autuados por maus-tratos e les\u00e3o corporal dolosa.<\/p>\n<p>&nbsp;<\/p>\n<\/div>\n<\/div>\n<p>&nbsp;<\/p>\n<p>Midiamax &#8211; Ana Oshiro<\/p>\n<div class=\"elementor-element elementor-element-ec9eab2 elementor-widget__width-auto elementor-widget elementor-widget-text-editor\" data-id=\"ec9eab2\" data-element_type=\"widget\" data-widget_type=\"text-editor.default\">\n<div class=\"elementor-widget-container\"><\/div>\n<\/div>\n","protected":false},"excerpt":{"rendered":"<p>Ainda em choque e sem acreditar, a av\u00f3 paterna das meninas que eram torturadas em Chapad\u00e3o do Sul,, contou ao Jornal Midiamax\u00a0 da capital ,que n\u00e3o fazia ideia do que estava acontecendo com as netas. As meninas foram resgatadas pela pol\u00edcia na noite desta segunda-feira (6) ap\u00f3s den\u00fancia de um vizinhos. A m\u00e3e delas, de [&hellip;]<\/p>\n","protected":false},"author":5,"featured_media":233529,"comment_status":"closed","ping_status":"closed","sticky":false,"template":"","format":"standard","meta":{"footnotes":""},"categories":[23,41],"tags":[],"class_list":["post-233528","post","type-post","status-publish","format-standard","has-post-thumbnail","hentry","category-chapadao-do-sul","category-destaque"],"_links":{"self":[{"href":"https:\/\/www.ocorreionews.com.br\/acervo-correio\/index.php?rest_route=\/wp\/v2\/posts\/233528","targetHints":{"allow":["GET"]}}],"collection":[{"href":"https:\/\/www.ocorreionews.com.br\/acervo-correio\/index.php?rest_route=\/wp\/v2\/posts"}],"about":[{"href":"https:\/\/www.ocorreionews.com.br\/acervo-correio\/index.php?rest_route=\/wp\/v2\/types\/post"}],"author":[{"embeddable":true,"href":"https:\/\/www.ocorreionews.com.br\/acervo-correio\/index.php?rest_route=\/wp\/v2\/users\/5"}],"replies":[{"embeddable":true,"href":"https:\/\/www.ocorreionews.com.br\/acervo-correio\/index.php?rest_route=%2Fwp%2Fv2%2Fcomments&post=233528"}],"version-history":[{"count":1,"href":"https:\/\/www.ocorreionews.com.br\/acervo-correio\/index.php?rest_route=\/wp\/v2\/posts\/233528\/revisions"}],"predecessor-version":[{"id":233531,"href":"https:\/\/www.ocorreionews.com.br\/acervo-correio\/index.php?rest_route=\/wp\/v2\/posts\/233528\/revisions\/233531"}],"wp:featuredmedia":[{"embeddable":true,"href":"https:\/\/www.ocorreionews.com.br\/acervo-correio\/index.php?rest_route=\/wp\/v2\/media\/233529"}],"wp:attachment":[{"href":"https:\/\/www.ocorreionews.com.br\/acervo-correio\/index.php?rest_route=%2Fwp%2Fv2%2Fmedia&parent=233528"}],"wp:term":[{"taxonomy":"category","embeddable":true,"href":"https:\/\/www.ocorreionews.com.br\/acervo-correio\/index.php?rest_route=%2Fwp%2Fv2%2Fcategories&post=233528"},{"taxonomy":"post_tag","embeddable":true,"href":"https:\/\/www.ocorreionews.com.br\/acervo-correio\/index.php?rest_route=%2Fwp%2Fv2%2Ftags&post=233528"}],"curies":[{"name":"wp","href":"https:\/\/api.w.org\/{rel}","templated":true}]}}