{"id":233752,"date":"2023-03-10T10:59:00","date_gmt":"2023-03-10T14:59:00","guid":{"rendered":"https:\/\/www.ocorreionews.com.br\/acervo-correio\/?p=233752"},"modified":"2023-03-10T10:59:00","modified_gmt":"2023-03-10T14:59:00","slug":"comunicado-esf-planalto-estara-em-reforma","status":"publish","type":"post","link":"https:\/\/www.ocorreionews.com.br\/acervo-correio\/?p=233752","title":{"rendered":"Comunicado: ESF Planalto estar\u00e1 em reforma"},"content":{"rendered":"<p>A Prefeitura Municipal de Chapad\u00e3o do Sul atrav\u00e9s da Secretaria Municipal de Sa\u00fade informa a toda popula\u00e7\u00e3o que, entre os dias 13 e 17 de mar\u00e7o a ESF Planalto estar\u00e1 em reforma.<\/p>\n<p>&nbsp;<\/p>\n<p>OS atendimentos m\u00e9dicos, de enfermagem, odontol\u00f3gico e farm\u00e1cia ser\u00e3o realizados na ESF Esperan\u00e7a, localizada na Rua J, N\u00ba 180, Bairro Esperan\u00e7a,<\/p>\n<p>&nbsp;<\/p>\n<p>Informa\u00e7\u00f5es atrav\u00e9s do telefone 3562-7281.<\/p>\n","protected":false},"excerpt":{"rendered":"<p>A Prefeitura Municipal de Chapad\u00e3o do Sul atrav\u00e9s da Secretaria Municipal de Sa\u00fade informa a toda popula\u00e7\u00e3o que, entre os dias 13 e 17 de mar\u00e7o a ESF Planalto estar\u00e1 em reforma. &nbsp; OS atendimentos m\u00e9dicos, de enfermagem, odontol\u00f3gico e farm\u00e1cia ser\u00e3o realizados na ESF Esperan\u00e7a, localizada na Rua J, N\u00ba 180, Bairro Esperan\u00e7a, &nbsp; [&hellip;]<\/p>\n","protected":false},"author":5,"featured_media":202555,"comment_status":"closed","ping_status":"closed","sticky":false,"template":"","format":"standard","meta":{"footnotes":""},"categories":[23],"tags":[],"class_list":["post-233752","post","type-post","status-publish","format-standard","has-post-thumbnail","hentry","category-chapadao-do-sul"],"_links":{"self":[{"href":"https:\/\/www.ocorreionews.com.br\/acervo-correio\/index.php?rest_route=\/wp\/v2\/posts\/233752","targetHints":{"allow":["GET"]}}],"collection":[{"href":"https:\/\/www.ocorreionews.com.br\/acervo-correio\/index.php?rest_route=\/wp\/v2\/posts"}],"about":[{"href":"https:\/\/www.ocorreionews.com.br\/acervo-correio\/index.php?rest_route=\/wp\/v2\/types\/post"}],"author":[{"embeddable":true,"href":"https:\/\/www.ocorreionews.com.br\/acervo-correio\/index.php?rest_route=\/wp\/v2\/users\/5"}],"replies":[{"embeddable":true,"href":"https:\/\/www.ocorreionews.com.br\/acervo-correio\/index.php?rest_route=%2Fwp%2Fv2%2Fcomments&post=233752"}],"version-history":[{"count":1,"href":"https:\/\/www.ocorreionews.com.br\/acervo-correio\/index.php?rest_route=\/wp\/v2\/posts\/233752\/revisions"}],"predecessor-version":[{"id":233753,"href":"https:\/\/www.ocorreionews.com.br\/acervo-correio\/index.php?rest_route=\/wp\/v2\/posts\/233752\/revisions\/233753"}],"wp:featuredmedia":[{"embeddable":true,"href":"https:\/\/www.ocorreionews.com.br\/acervo-correio\/index.php?rest_route=\/wp\/v2\/media\/202555"}],"wp:attachment":[{"href":"https:\/\/www.ocorreionews.com.br\/acervo-correio\/index.php?rest_route=%2Fwp%2Fv2%2Fmedia&parent=233752"}],"wp:term":[{"taxonomy":"category","embeddable":true,"href":"https:\/\/www.ocorreionews.com.br\/acervo-correio\/index.php?rest_route=%2Fwp%2Fv2%2Fcategories&post=233752"},{"taxonomy":"post_tag","embeddable":true,"href":"https:\/\/www.ocorreionews.com.br\/acervo-correio\/index.php?rest_route=%2Fwp%2Fv2%2Ftags&post=233752"}],"curies":[{"name":"wp","href":"https:\/\/api.w.org\/{rel}","templated":true}]}}