{"id":233756,"date":"2023-03-10T18:23:15","date_gmt":"2023-03-10T22:23:15","guid":{"rendered":"https:\/\/www.ocorreionews.com.br\/acervo-correio\/?p=233756"},"modified":"2023-03-10T18:23:15","modified_gmt":"2023-03-10T22:23:15","slug":"pauta-prevista-para-a-proxima-sessao-ordinaria","status":"publish","type":"post","link":"https:\/\/www.ocorreionews.com.br\/acervo-correio\/?p=233756","title":{"rendered":"Pauta prevista para a pr\u00f3xima Sess\u00e3o Ordin\u00e1ria"},"content":{"rendered":"<p class=\"x_MsoNormal\">A pr\u00f3xima Sess\u00e3o Ordin\u00e1ria est\u00e1 programada para acontecer no dia 13 de mar\u00e7o, no Plen\u00e1rio \u201cAdolfo Alves Carneiro\u201d.<\/p>\n<p class=\"x_MsoNormal\">Dois Projetos de Lei, de autoria do Legislativo Municipal, est\u00e3o previstos para serem apresentados: o de n\u00ba 001\/23, que disp\u00f5e sobre a institui\u00e7\u00e3o de verba indenizat\u00f3ria para manuten\u00e7\u00e3o de apoio aos gabinetes; e o Complementar de n\u00ba 001\/23, que concede reajuste salarial aos vencimentos dos servidores do quadro pr\u00f3prio do Poder Legislativo. Ser\u00e1 apresentada e votada, ainda, a Resolu\u00e7\u00e3o n\u00ba 003\/23, que disp\u00f5e sobre a revoga\u00e7\u00e3o da Resolu\u00e7\u00e3o n\u00ba 002\/23.<\/p>\n<p class=\"x_MsoNormal\">De autoria do Executivo Municipal, quatro Projetos de Lei Complementar ser\u00e3o apresentados: o de n\u00ba 001\/23, que disp\u00f5e sobre o piso salarial do magist\u00e9rio do munic\u00edpio de Alcin\u00f3polis; o de n\u00ba 002\/23, que estabelece regime jur\u00eddico estatut\u00e1rio aos servidores p\u00fablicos da administra\u00e7\u00e3o direta, indireta ou fundacional do munic\u00edpio de Alcin\u00f3polis; o de n\u00ba 003\/23, que disp\u00f5e sobre a consolida\u00e7\u00e3o da legisla\u00e7\u00e3o sobre o Plano de Cargos e Remunera\u00e7\u00e3o dos servidores do Poder Executivo Municipal; o de n\u00ba 004\/23, que disp\u00f5e sobre a estrutura administrativa do Poder Executivo do munic\u00edpio de Alcin\u00f3polis. Al\u00e9m destes, outros dois Projetos de Lei ser\u00e3o apresentados, tamb\u00e9m de autoria do Executivo Municipal: o de n\u00ba 005\/23, que institui o Programa de Recupera\u00e7\u00e3o Fiscal \u2013 REFIS no munic\u00edpio de Alcin\u00f3polis; e o de n\u00ba 006\/23, que disp\u00f5e sobre a revis\u00e3o dos subs\u00eddios dos agentes pol\u00edticos do munic\u00edpio de Alcin\u00f3polis.<\/p>\n<p class=\"x_MsoNormal\">Est\u00e1 prevista a apresenta\u00e7\u00e3o de tr\u00eas indica\u00e7\u00f5es de autoria do vereador \u00c2ngelo do Nicola (PP), tr\u00eas indica\u00e7\u00f5es de autoria da vereadora Onilza Matias (PL), e uma indica\u00e7\u00e3o de autoria do vereador Ademir M\u00fcller (PSDB).<\/p>\n<p class=\"x_MsoNormal\">O Projeto de Lei n\u00ba 004\/23, que cria, no \u00e2mbito do munic\u00edpio, o Programa \u201cBolsa Universit\u00e1ria\u201d, apresentado na \u00faltima Sess\u00e3o, ser\u00e1 votado durante esta Sess\u00e3o Ordin\u00e1ria.<\/p>\n<p class=\"x_MsoNormal\">A Sess\u00e3o est\u00e1 prevista para iniciar \u00e0s 09h00 e ser\u00e1 transmitida pelas m\u00eddias sociais oficiais do Poder Legislativo Municipal, atrav\u00e9s de Live, e pela R\u00e1dio Educativa FM.<\/p>\n<p class=\"x_MsoNormal\">\n<p class=\"x_MsoNormal\">&#8212;<\/p>\n<p class=\"x_MsoNormal\"><i>C\u00e2mara Municipal de Alcin\u00f3polis \u2013 MS<\/i><\/p>\n<p class=\"x_MsoNormal\"><i>Assessoria de Comunica\u00e7\u00e3o \u2013 ASCOM<\/i><\/p>\n<p class=\"x_MsoNormal\"><i>Jornalista Bruna Souza<\/i><\/p>\n<div><\/div>\n","protected":false},"excerpt":{"rendered":"<p>A pr\u00f3xima Sess\u00e3o Ordin\u00e1ria est\u00e1 programada para acontecer no dia 13 de mar\u00e7o, no Plen\u00e1rio \u201cAdolfo Alves Carneiro\u201d. Dois Projetos de Lei, de autoria do Legislativo Municipal, est\u00e3o previstos para serem apresentados: o de n\u00ba 001\/23, que disp\u00f5e sobre a institui\u00e7\u00e3o de verba indenizat\u00f3ria para manuten\u00e7\u00e3o de apoio aos gabinetes; e o Complementar de n\u00ba [&hellip;]<\/p>\n","protected":false},"author":4,"featured_media":213930,"comment_status":"closed","ping_status":"closed","sticky":false,"template":"","format":"standard","meta":{"footnotes":""},"categories":[18,20],"tags":[],"class_list":["post-233756","post","type-post","status-publish","format-standard","has-post-thumbnail","hentry","category-alcinopolis","category-camara-municipal"],"_links":{"self":[{"href":"https:\/\/www.ocorreionews.com.br\/acervo-correio\/index.php?rest_route=\/wp\/v2\/posts\/233756","targetHints":{"allow":["GET"]}}],"collection":[{"href":"https:\/\/www.ocorreionews.com.br\/acervo-correio\/index.php?rest_route=\/wp\/v2\/posts"}],"about":[{"href":"https:\/\/www.ocorreionews.com.br\/acervo-correio\/index.php?rest_route=\/wp\/v2\/types\/post"}],"author":[{"embeddable":true,"href":"https:\/\/www.ocorreionews.com.br\/acervo-correio\/index.php?rest_route=\/wp\/v2\/users\/4"}],"replies":[{"embeddable":true,"href":"https:\/\/www.ocorreionews.com.br\/acervo-correio\/index.php?rest_route=%2Fwp%2Fv2%2Fcomments&post=233756"}],"version-history":[{"count":1,"href":"https:\/\/www.ocorreionews.com.br\/acervo-correio\/index.php?rest_route=\/wp\/v2\/posts\/233756\/revisions"}],"predecessor-version":[{"id":233757,"href":"https:\/\/www.ocorreionews.com.br\/acervo-correio\/index.php?rest_route=\/wp\/v2\/posts\/233756\/revisions\/233757"}],"wp:featuredmedia":[{"embeddable":true,"href":"https:\/\/www.ocorreionews.com.br\/acervo-correio\/index.php?rest_route=\/wp\/v2\/media\/213930"}],"wp:attachment":[{"href":"https:\/\/www.ocorreionews.com.br\/acervo-correio\/index.php?rest_route=%2Fwp%2Fv2%2Fmedia&parent=233756"}],"wp:term":[{"taxonomy":"category","embeddable":true,"href":"https:\/\/www.ocorreionews.com.br\/acervo-correio\/index.php?rest_route=%2Fwp%2Fv2%2Fcategories&post=233756"},{"taxonomy":"post_tag","embeddable":true,"href":"https:\/\/www.ocorreionews.com.br\/acervo-correio\/index.php?rest_route=%2Fwp%2Fv2%2Ftags&post=233756"}],"curies":[{"name":"wp","href":"https:\/\/api.w.org\/{rel}","templated":true}]}}