{"id":233760,"date":"2023-03-10T18:48:25","date_gmt":"2023-03-10T22:48:25","guid":{"rendered":"https:\/\/www.ocorreionews.com.br\/acervo-correio\/?p=233760"},"modified":"2023-03-10T18:48:25","modified_gmt":"2023-03-10T22:48:25","slug":"estou-me-sentindo-uma-princesa-diz-moradora-ao-receber-casa-nova-do-programa-moradias-precarias","status":"publish","type":"post","link":"https:\/\/www.ocorreionews.com.br\/acervo-correio\/?p=233760","title":{"rendered":"Estou me sentindo uma princesa\u201d, diz moradora ao receber casa nova do Programa Moradias Prec\u00e1rias"},"content":{"rendered":"<div class=\"ntc_cont_descricao_noticia sw_txteditor\">\u201cHoje eu estou realizando meu sonho, recebendo essa casa linda e maravilhosa, que pra mim parece uma casa de princesa, pois estou me sentindo assim\u201d, descreveu a operadora de caixa, Silv\u00e9ria Berc\u00f3 Dias, de 60 anos, ao receber sua casa nova transformada pelo Programa Moradias Prec\u00e1rias. A entrega foi feita pelo prefeito de Costa Rica, delegado Cleverson Alves dos Santos, vice-prefeito Roni Cota, e a secret\u00e1ria municipal de Assist\u00eancia Social Evair Gomes Nogueira.<\/p>\n<p>\u201cHoje \u00e9 um dia feliz para n\u00f3s, porque estamos fazendo novamente a alegria de uma fam\u00edlia atrav\u00e9s deste importante programa que substitui casas de madeira por casas de alvenaria. Isso \u00e9 o Poder P\u00fablico Municipal fazendo uma Costa Rica para todos\u201d, pontuou o prefeito.<br \/>\n<a href=\"https:\/\/www.ocorreionews.com.br\/acervo-correio\/wp-content\/uploads\/2023\/03\/entrega-de-casa2.png\"><img loading=\"lazy\" decoding=\"async\" class=\"alignnone size-full wp-image-233762\" src=\"https:\/\/www.ocorreionews.com.br\/acervo-correio\/wp-content\/uploads\/2023\/03\/entrega-de-casa2.png\" alt=\"\" width=\"800\" height=\"297\" srcset=\"https:\/\/www.ocorreionews.com.br\/acervo-correio\/wp-content\/uploads\/2023\/03\/entrega-de-casa2.png 800w, https:\/\/www.ocorreionews.com.br\/acervo-correio\/wp-content\/uploads\/2023\/03\/entrega-de-casa2-300x111.png 300w, https:\/\/www.ocorreionews.com.br\/acervo-correio\/wp-content\/uploads\/2023\/03\/entrega-de-casa2-768x285.png 768w\" sizes=\"auto, (max-width: 800px) 100vw, 800px\" \/><\/a><br \/>\nA iniciativa, substitu\u00ed casas de madeira por alvenaria numa coopera\u00e7\u00e3o m\u00fatua para ajudar as pessoas a realizarem o sonho da casa pr\u00f3pria. Assim como as outras tr\u00eas j\u00e1 entregues, a casa de Silv\u00e9ria tem \u00e1rea constru\u00edda de 42,56 metros, dois quartos, um banheiro, sala e cozinha conjugadas, al\u00e9m de ser forrada e com cal\u00e7amento em volta. O investimento foi de R$ 71,2 mil.<\/p>\n<p>O programa conta com incentivos do Governo do Estado, atrav\u00e9s da AGEHAB (Ag\u00eancia de Habita\u00e7\u00e3o Popular de Mato Grosso do Sul) e tamb\u00e9m com recursos pr\u00f3prios do Munic\u00edpio. O total do conv\u00eanio \u00e9 de R$ 1.096.422,34. Cada ente custeia 50% de cada unidade habitacional.<\/p>\n<p>Novas unidades<\/p>\n<p>Outra unidade est\u00e1 em processo de constru\u00e7\u00e3o, trata-se da casa pr\u00f3pria do morador Sebasti\u00e3o Ata\u00edde da Costa. O prazo de entrega deve acontecer at\u00e9 o pr\u00f3ximo dia 20. Nesta primeira etapa ser\u00e3o substitu\u00eddas ao todo 14 moradias prec\u00e1rias.\n<\/p><\/div>\n<div class=\"ntc_area_info_noticia sw_lato\">\n<div>\n<div class=\"ntc_info_noticia\"><strong class=\"sw_lato_black\">Fonte: <\/strong>Assessoria de Comunica\u00e7\u00e3o &#8211; PMCR<\/div>\n<div class=\"ntc_info_noticia\"><strong class=\"sw_lato_black\">Autor: <\/strong>Silvestre de Castro &#8211;<\/div>\n<\/div>\n<\/div>\n","protected":false},"excerpt":{"rendered":"<p>\u201cHoje eu estou realizando meu sonho, recebendo essa casa linda e maravilhosa, que pra mim parece uma casa de princesa, pois estou me sentindo assim\u201d, descreveu a operadora de caixa, Silv\u00e9ria Berc\u00f3 Dias, de 60 anos, ao receber sua casa nova transformada pelo Programa Moradias Prec\u00e1rias. A entrega foi feita pelo prefeito de Costa Rica, [&hellip;]<\/p>\n","protected":false},"author":4,"featured_media":233761,"comment_status":"closed","ping_status":"closed","sticky":false,"template":"","format":"standard","meta":{"footnotes":""},"categories":[25,41],"tags":[],"class_list":["post-233760","post","type-post","status-publish","format-standard","has-post-thumbnail","hentry","category-costa-rica","category-destaque"],"_links":{"self":[{"href":"https:\/\/www.ocorreionews.com.br\/acervo-correio\/index.php?rest_route=\/wp\/v2\/posts\/233760","targetHints":{"allow":["GET"]}}],"collection":[{"href":"https:\/\/www.ocorreionews.com.br\/acervo-correio\/index.php?rest_route=\/wp\/v2\/posts"}],"about":[{"href":"https:\/\/www.ocorreionews.com.br\/acervo-correio\/index.php?rest_route=\/wp\/v2\/types\/post"}],"author":[{"embeddable":true,"href":"https:\/\/www.ocorreionews.com.br\/acervo-correio\/index.php?rest_route=\/wp\/v2\/users\/4"}],"replies":[{"embeddable":true,"href":"https:\/\/www.ocorreionews.com.br\/acervo-correio\/index.php?rest_route=%2Fwp%2Fv2%2Fcomments&post=233760"}],"version-history":[{"count":1,"href":"https:\/\/www.ocorreionews.com.br\/acervo-correio\/index.php?rest_route=\/wp\/v2\/posts\/233760\/revisions"}],"predecessor-version":[{"id":233763,"href":"https:\/\/www.ocorreionews.com.br\/acervo-correio\/index.php?rest_route=\/wp\/v2\/posts\/233760\/revisions\/233763"}],"wp:featuredmedia":[{"embeddable":true,"href":"https:\/\/www.ocorreionews.com.br\/acervo-correio\/index.php?rest_route=\/wp\/v2\/media\/233761"}],"wp:attachment":[{"href":"https:\/\/www.ocorreionews.com.br\/acervo-correio\/index.php?rest_route=%2Fwp%2Fv2%2Fmedia&parent=233760"}],"wp:term":[{"taxonomy":"category","embeddable":true,"href":"https:\/\/www.ocorreionews.com.br\/acervo-correio\/index.php?rest_route=%2Fwp%2Fv2%2Fcategories&post=233760"},{"taxonomy":"post_tag","embeddable":true,"href":"https:\/\/www.ocorreionews.com.br\/acervo-correio\/index.php?rest_route=%2Fwp%2Fv2%2Ftags&post=233760"}],"curies":[{"name":"wp","href":"https:\/\/api.w.org\/{rel}","templated":true}]}}