{"id":233765,"date":"2023-03-10T19:15:21","date_gmt":"2023-03-10T23:15:21","guid":{"rendered":"https:\/\/www.ocorreionews.com.br\/acervo-correio\/?p=233765"},"modified":"2023-03-10T19:18:53","modified_gmt":"2023-03-10T23:18:53","slug":"vakinha-para-ajudara-bebe-nicolas","status":"publish","type":"post","link":"https:\/\/www.ocorreionews.com.br\/acervo-correio\/?p=233765","title":{"rendered":"Vakinha para ajudar a BEB\u00ca NICOLAS"},"content":{"rendered":"<div class=\"sc-dIfARi fjXctk\">\n<p>Meu nome \u00e9 Adelismar, sou enfermeira no Hospital Municipal de Chapad\u00e3o do Sul. Meu beb\u00ea Nicolas tem hoje 1 ano e 3 meses, nasceu prematuro e com uma malforma\u00e7\u00e3o no osso Frontal (osso da testa) chamada de Trigonocefalia. Precisa realizar uma cirurgia na cabe\u00e7a urgente, pois esta comprimindo o crescimento do c\u00e9rebro e chances muitos altas de apresentar sequelas cerebrais irrevers\u00edveis se n\u00e3o operar urgente. A idade ideal seria de at\u00e9 01 ano de idade. Nicolas j\u00e1 passou dessa idade e precisa dessa cirurgia urgente.<\/p>\n<p>CLIQUE NO LINKE E AJUDE A BEBE NICOLAS<\/p>\n<p><span style=\"color: #ff0000;\"><strong><a style=\"color: #ff0000;\" href=\"https:\/\/www.vakinha.com.br\/vaquinha\/cirurgia-de-malformacao-na-cabeca-do-bebe-nicolas\">https:\/\/www.vakinha.com.br\/3560042<\/a><\/strong><\/span><\/p>\n<p>&nbsp;<\/p>\n<p>O valor da cirurgia \u00e9 de $50.000,00 com neurocirurgi\u00e3o pedi\u00e1trico em Londrina\/PR, mais as custas de viagem e hospedagem por 15 dias pra retornar para casa. Se n\u00e3o operar essa deformidade na cabe\u00e7a, Nicolas poder\u00e1 ter sequelas irrevers\u00edveis como atraso no desenvolvimento motor, cognitivo, doen\u00e7as neurol\u00f3gicas pelo comprometimento do crescimento do c\u00e9rebro, deformidade no olho e perda da vis\u00e3o, entre outras.<\/p>\n<p>Tem 15 anos que trabalho de Enfermeira cuidando de pessoas. Hoje preciso cuidar do meu filho para crescer saud\u00e1vel e sem sequelas. Preciso muito da ajuda de quem puder contribuir e que Deus aben\u00e7oe a vida de cada um que puder ajudar diretamente ou indiretamente.<\/p>\n<\/div>\n","protected":false},"excerpt":{"rendered":"<p>Meu nome \u00e9 Adelismar, sou enfermeira no Hospital Municipal de Chapad\u00e3o do Sul. Meu beb\u00ea Nicolas tem hoje 1 ano e 3 meses, nasceu prematuro e com uma malforma\u00e7\u00e3o no osso Frontal (osso da testa) chamada de Trigonocefalia. Precisa realizar uma cirurgia na cabe\u00e7a urgente, pois esta comprimindo o crescimento do c\u00e9rebro e chances muitos [&hellip;]<\/p>\n","protected":false},"author":4,"featured_media":233767,"comment_status":"closed","ping_status":"closed","sticky":false,"template":"","format":"standard","meta":{"footnotes":""},"categories":[23,41],"tags":[],"class_list":["post-233765","post","type-post","status-publish","format-standard","has-post-thumbnail","hentry","category-chapadao-do-sul","category-destaque"],"_links":{"self":[{"href":"https:\/\/www.ocorreionews.com.br\/acervo-correio\/index.php?rest_route=\/wp\/v2\/posts\/233765","targetHints":{"allow":["GET"]}}],"collection":[{"href":"https:\/\/www.ocorreionews.com.br\/acervo-correio\/index.php?rest_route=\/wp\/v2\/posts"}],"about":[{"href":"https:\/\/www.ocorreionews.com.br\/acervo-correio\/index.php?rest_route=\/wp\/v2\/types\/post"}],"author":[{"embeddable":true,"href":"https:\/\/www.ocorreionews.com.br\/acervo-correio\/index.php?rest_route=\/wp\/v2\/users\/4"}],"replies":[{"embeddable":true,"href":"https:\/\/www.ocorreionews.com.br\/acervo-correio\/index.php?rest_route=%2Fwp%2Fv2%2Fcomments&post=233765"}],"version-history":[{"count":1,"href":"https:\/\/www.ocorreionews.com.br\/acervo-correio\/index.php?rest_route=\/wp\/v2\/posts\/233765\/revisions"}],"predecessor-version":[{"id":233770,"href":"https:\/\/www.ocorreionews.com.br\/acervo-correio\/index.php?rest_route=\/wp\/v2\/posts\/233765\/revisions\/233770"}],"wp:featuredmedia":[{"embeddable":true,"href":"https:\/\/www.ocorreionews.com.br\/acervo-correio\/index.php?rest_route=\/wp\/v2\/media\/233767"}],"wp:attachment":[{"href":"https:\/\/www.ocorreionews.com.br\/acervo-correio\/index.php?rest_route=%2Fwp%2Fv2%2Fmedia&parent=233765"}],"wp:term":[{"taxonomy":"category","embeddable":true,"href":"https:\/\/www.ocorreionews.com.br\/acervo-correio\/index.php?rest_route=%2Fwp%2Fv2%2Fcategories&post=233765"},{"taxonomy":"post_tag","embeddable":true,"href":"https:\/\/www.ocorreionews.com.br\/acervo-correio\/index.php?rest_route=%2Fwp%2Fv2%2Ftags&post=233765"}],"curies":[{"name":"wp","href":"https:\/\/api.w.org\/{rel}","templated":true}]}}