{"id":233893,"date":"2023-03-11T14:01:10","date_gmt":"2023-03-11T18:01:10","guid":{"rendered":"https:\/\/www.ocorreionews.com.br\/acervo-correio\/?p=233893"},"modified":"2023-03-11T14:01:10","modified_gmt":"2023-03-11T18:01:10","slug":"com-10-milhoes-de-seguidores-cenourinha-escolheu-viver-em-alcinopolis-ms","status":"publish","type":"post","link":"https:\/\/www.ocorreionews.com.br\/acervo-correio\/?p=233893","title":{"rendered":"Com 10 milh\u00f5es de seguidores Cenourinha escolheu viver em Alcin\u00f3polis\/MS."},"content":{"rendered":"<p>Cenourinha tem 24 anos e bomba na internet postando v\u00eddeos de beleza; tudo come\u00e7ou quando trabalhava num mercado de Mato Grosso do Sul<\/p>\n<p>De \u201cmulher cenoura\u201d a Cenourinha. Quem conviveu com Evelyn adolescente, jamais imaginou que ela chegaria t\u00e3o longe. Mesmo tendo mais de 10 milh\u00f5es de seguidores nas redes sociais, a influenciadora escolheu n\u00e3o sair do interior de Mato Grosso do Sul.<\/p>\n<p>Antes de tudo, o\u00a0 primiera pagina quis saber o que h\u00e1 por tr\u00e1s do nome art\u00edstico, Cenourinha.<\/p>\n<p>\u201cPor conta do ruivo! Quando eu comecei a gravar v\u00eddeo, eu tinha o cabelo preto. A\u00ed eu pintei de ruivo. Na \u00e9poca, me chamavam de \u2018mulher cenoura\u2019. Eu trabalhava num mercado, perto dos hortifr\u00fatis. Isso ficou na minha cabe\u00e7a. Primeiro, eu fiz uma p\u00e1gina no Facebook. Na hora de escolher o nome, pensei no \u2018mulher cenoura\u2019. S\u00f3 que eu n\u00e3o me sentia t\u00e3o mulher, eu era adolescente. A\u00ed coloquei \u2018Cenourinha\u2019. Deu mais certo comigo\u201d, explica, toda sorridente.<\/p>\n<p>Cenourinha nasceu em Campo Grande, mas escolheu morar em Alcin\u00f3polis, munic\u00edpio a 311 quil\u00f4metros da capital de Mato Grosso do Sul.<\/p>\n<p>A vida nas redes sociais come\u00e7ou nessa fase dela no mercado, quando tinha 17 anos. Sua inten\u00e7\u00e3o era fugir da realidade.<\/p>\n<p>\u201cFui efetivada para operadora de caixa e \u00e9 um servi\u00e7o muito complicado, estressava e comecei a criar conte\u00fado como escape, para fugir um pouquinho da realidade e peguei gosto pela coisa. Era s\u00f3 um hobby, n\u00e3o tinha retorno, nada. Continuei trabalhando. Foi assim uns tr\u00eas anos\u201d, relembra.<\/p>\n<p>Os primeiros v\u00eddeos de Cenourinha eram exatamente como os de hoje. Como sempre foi vaidosa, ela falava de cabelo, maquiagem. Mas, com um grande detalhe.<\/p>\n<h3><img decoding=\"async\" src=\"https:\/\/regionalms.com.br\/conteudo\/regionalms\/upp\/articles\/2022-02\/comercio\/Cenour02.jpg\" alt=\"\" width=\"100%\" \/><\/h3>\n<p>\u201cEu n\u00e3o sabia fazer nada disso!\u201d, conta rindo. \u201cEnt\u00e3o foi assim: aprende ou aprende. A\u00ed fui fazendo na ra\u00e7a! E deu super certo. Fui come\u00e7ando a crescer aos pouquinhos, devagar, foi crescendo um v\u00eddeo, outro, at\u00e9 que estourou alguns\u201d, afirma.<\/p>\n<p><strong>Cenourinha e seus milh\u00f5es de seguidores<\/strong><\/p>\n<p>No , Yutube 445 mil pessoas s\u00e3o inscritos no seu canal. No Instagram , Cenourinha tem 1 milh\u00e3o e 400 mil seguidores. No , TikTok quase 2 milh\u00f5es. No Facebook , sua rede social de origem, ela bomba muito mais: 6 milh\u00f5es e 700 mil acreditando no seu talento. Como lidar com tanta gente assim?<\/p>\n<p>\u201cNo in\u00edcio, foi bem dif\u00edcil e pensei em desistir\u201d, confessa. \u201cEu estava crescendo muito, um v\u00eddeo foi indo pra frente, outro tamb\u00e9m, uma bola de neve. Nesses v\u00eddeos que viralizaram, eu recebia muito coment\u00e1rio negativo sobre a minha pele\u201d, revela.<\/p>\n<p>Como qualquer adolescente, Cenourinha tinha acne. \u201cAs pessoas falavam que eu tinha pele feia, que eu deveria cuidar, que eu era porca. Coment\u00e1rios muito pesados\u201d, recorda, triste.<\/p>\n<h3><img decoding=\"async\" src=\"https:\/\/regionalms.com.br\/conteudo\/regionalms\/upp\/articles\/2021-10\/Oura03.jpg\" alt=\"\" width=\"100%\" \/><\/h3>\n<p>Segundo ela, foi o marido, S\u00e1vio Coelho, que n\u00e3o a deixou desistir. \u201cMe incentivou bastante. Eu fiquei triste e ele ficou me apoiando. Falou: \u2018Voc\u00ea fez tudo isso para chegar aqui e vai desistir?\u2019. A\u00ed resolvi continuar\u2026 Mas com aquele medo, n\u00e9?\u201d, confessa.<\/p>\n<p>S\u00e1vio est\u00e1 com Cenourinha desde o come\u00e7o de tudo. Inclusive, foi ele monetizou a p\u00e1gina de Facebook da amada. \u201cPorque eu n\u00e3o sabia fazer nada disso. Eu lembro do nosso primeiro centavo. Eu falei: \u2018Gente! Eu vou ficar rica!\u2019. Era incr\u00edvel!\u201d, lembra com alegria.<\/p>\n<p>A fam\u00edlia cresceu. Al\u00e9m de se casarem, os dois tiveram Anne, de dois aninhos. Como esperado, a maternidade mudou muita coisa. Al\u00e9m disso, a influenciadora acabou adoecendo.<\/p>\n<h3><img decoding=\"async\" src=\"https:\/\/regionalms.com.br\/conteudo\/regionalms\/upp\/articles\/\/2022-02\/comercio\/789\/Cenourafamilia.jpg\" alt=\"\" width=\"100%\" \/><\/h3>\n<p>\u201c\u00c9 dif\u00edcil. Voc\u00ea tem que separar o trabalho do lazer. A internet n\u00e3o tem pausa. Sempre pensando em conte\u00fado. Eu desenvolvi gastrite nervosa, ficava horas sem comer, n\u00e3o dormia direito\u201d.<\/p>\n<p>A rotina de Cenourinha n\u00e3o era saud\u00e1vel. Houve uma \u00e9poca que ela estudava Psicologia cedo, mas acabou trancando, trabalhava no mercado \u00e0 tarde at\u00e9 a noite, restando somente a madrugada para gravar v\u00eddeos.<\/p>\n<p><strong>Mudar de estado? N\u00e3o mais\u2026<\/strong><\/p>\n<p>Questionada se j\u00e1 pensou em mudar de Mato Grosso do Sul, Cenourinha responde que sim. O destino? S\u00e3o Paulo.<\/p>\n<p>\u201cMais ou menos dois anos atr\u00e1s\u201d, afirma. \u201cEu fiquei conhecida na pandemia, eu criava muito conte\u00fado, mas n\u00e3o tinha dimens\u00e3o. A\u00ed fui para um evento em S\u00e3o Paulo e fiquei besta! Foi incr\u00edvel! Eu fa\u00e7ei: \u2018Preciso morar em S\u00e3o Paulo\u2019\u201d, completa.<\/p>\n<p>A gravidez a fez trocar de pensamento: \u201cMudou a percep\u00e7\u00e3o. Eu tinha uma beb\u00ea, n\u00e9? Precisava analisar tudo, como seria essa rotina em S\u00e3o Paulo, e acabou que n\u00e3o seria uma boa ideia\u201d.<\/p>\n<p>Alcin\u00f3polis \u00e9 o lar de Cenourinha e sua fam\u00edlia. Ali\u00e1s, \u00e9 l\u00e1 que sua m\u00e3e e irm\u00e3, de 16 anos, tamb\u00e9m vivem. \u201cA gente t\u00e1 construindo uma casa, o custo de vida \u00e9 mais baixo, a vida \u00e9 mais tranquila. Os seguidores ficam abismados com a tranquilidade da cidade! Eu estou muito feliz. N\u00e3o me arrependo\u201d, sorri.<\/p>\n<p>Para quem quer se tornar influenciadora digital como ela, Cenourinha d\u00e1 boas dicas.<\/p>\n<p>\u201cTenha paci\u00eancia e faz com carinho, porque n\u00e3o adianta pensar no dinheiro. Pensa no que gosta de fazer, que vai fluindo. E ser voc\u00ea mesma. Eu j\u00e1 cheguei num lugar que nunca imaginei. Eu j\u00e1 me sinto t\u00e3o feliz. Se tudo der errado, eu consigo viver de boas\u201d, ressalta.<\/p>\n<p>\u201cEu sempre fui assim, nunca pensei em dinheiro, sempre gosto do mais barato. Esses dias uma menina comentou: \u2018Nossa! Tanta blogueira comprando bolsas de luxo e a Cenourinha n\u00e3o tem nenhuma\u2019. N\u00e3o combina comigo. Eu decidi investir na minha fam\u00edlia, minha filha\u201d.<\/p>\n<p><strong>Pelas ruas de CG<\/strong><\/p>\n<p>Durante a estadia em Campo Grande, Cenourinha, claro, bateu perna no centro. Al\u00e9m de levar as novas paletas de sua cole\u00e7\u00e3o, desafiou as seguidoras. Caso alguma delas a reconhecesse, ganharia as duas paletas.<\/p>\n<p>Ao longo do caminho, ela aproveitou para tirar fotos com f\u00e3s. Sempre atenciosa, fez quest\u00e3o de postar cada uma das meninas.<\/p>\n<h3><img decoding=\"async\" src=\"https:\/\/regionalms.com.br\/conteudo\/regionalms\/upp\/articles\/2022-02\/comercio\/Cenourafa.jpg\" alt=\"\" width=\"100%\" \/><\/h3>\n<p>Alicy Arqueley foi a primeira delas. \u201cSigo ela desde 2019. Eu sou maquiadora tamb\u00e9m, ent\u00e3o, sempre fui apaixonada pelo conte\u00fado dela, pelo jeitinho simples. Eu sempre quis encontrar ela aqui em CG, mas nunca aconteceu. At\u00e9 que um belo dia, eu tava no meu servi\u00e7o e encontrei ela. Foi maravilhoso. Ela \u00e9 incr\u00edvel\u201d, afirma \u00e0 reportagem.<\/p>\n<p>F\u00e3s desde os 11 anos, Eduarda Vit\u00f3ria tamb\u00e9m realizou o desejo de ver ao vivo e a cores Cenourinha.<\/p>\n<p>\u201cAtualmente tenho 18 anos e foi simplesmente incr\u00edvel. A hora que vi ela fiquei em choque. Eram 16 horas da tarde e eu estava almo\u00e7ando, quando vi aquele cabelo eu sabia exatamente quem era. Me mudei recentemente, sou de Aquidauana, e v\u00ea-la aqui foi totalmente inesperado!\u201d, declara a jovem.<\/p>\n","protected":false},"excerpt":{"rendered":"<p>Cenourinha tem 24 anos e bomba na internet postando v\u00eddeos de beleza; tudo come\u00e7ou quando trabalhava num mercado de Mato Grosso do Sul De \u201cmulher cenoura\u201d a Cenourinha. Quem conviveu com Evelyn adolescente, jamais imaginou que ela chegaria t\u00e3o longe. Mesmo tendo mais de 10 milh\u00f5es de seguidores nas redes sociais, a influenciadora escolheu n\u00e3o [&hellip;]<\/p>\n","protected":false},"author":4,"featured_media":233894,"comment_status":"closed","ping_status":"closed","sticky":false,"template":"","format":"standard","meta":{"footnotes":""},"categories":[18],"tags":[],"class_list":["post-233893","post","type-post","status-publish","format-standard","has-post-thumbnail","hentry","category-alcinopolis"],"_links":{"self":[{"href":"https:\/\/www.ocorreionews.com.br\/acervo-correio\/index.php?rest_route=\/wp\/v2\/posts\/233893","targetHints":{"allow":["GET"]}}],"collection":[{"href":"https:\/\/www.ocorreionews.com.br\/acervo-correio\/index.php?rest_route=\/wp\/v2\/posts"}],"about":[{"href":"https:\/\/www.ocorreionews.com.br\/acervo-correio\/index.php?rest_route=\/wp\/v2\/types\/post"}],"author":[{"embeddable":true,"href":"https:\/\/www.ocorreionews.com.br\/acervo-correio\/index.php?rest_route=\/wp\/v2\/users\/4"}],"replies":[{"embeddable":true,"href":"https:\/\/www.ocorreionews.com.br\/acervo-correio\/index.php?rest_route=%2Fwp%2Fv2%2Fcomments&post=233893"}],"version-history":[{"count":1,"href":"https:\/\/www.ocorreionews.com.br\/acervo-correio\/index.php?rest_route=\/wp\/v2\/posts\/233893\/revisions"}],"predecessor-version":[{"id":233895,"href":"https:\/\/www.ocorreionews.com.br\/acervo-correio\/index.php?rest_route=\/wp\/v2\/posts\/233893\/revisions\/233895"}],"wp:featuredmedia":[{"embeddable":true,"href":"https:\/\/www.ocorreionews.com.br\/acervo-correio\/index.php?rest_route=\/wp\/v2\/media\/233894"}],"wp:attachment":[{"href":"https:\/\/www.ocorreionews.com.br\/acervo-correio\/index.php?rest_route=%2Fwp%2Fv2%2Fmedia&parent=233893"}],"wp:term":[{"taxonomy":"category","embeddable":true,"href":"https:\/\/www.ocorreionews.com.br\/acervo-correio\/index.php?rest_route=%2Fwp%2Fv2%2Fcategories&post=233893"},{"taxonomy":"post_tag","embeddable":true,"href":"https:\/\/www.ocorreionews.com.br\/acervo-correio\/index.php?rest_route=%2Fwp%2Fv2%2Ftags&post=233893"}],"curies":[{"name":"wp","href":"https:\/\/api.w.org\/{rel}","templated":true}]}}