{"id":234019,"date":"2023-03-13T10:55:25","date_gmt":"2023-03-13T14:55:25","guid":{"rendered":"https:\/\/www.ocorreionews.com.br\/acervo-correio\/?p=234019"},"modified":"2023-03-13T10:55:25","modified_gmt":"2023-03-13T14:55:25","slug":"alcinopolis-prefeito-faz-a-entrega-da-6a-casa-do-programa-habitacional-construindo-sonhos","status":"publish","type":"post","link":"https:\/\/www.ocorreionews.com.br\/acervo-correio\/?p=234019","title":{"rendered":"Alcinopolis: Prefeito faz a entrega da 6\u00aa casa do Programa Habitacional \u201cConstruindo Sonhos\u201d"},"content":{"rendered":"<div dir=\"auto\">Nesta manh\u00e3 (13\/03) o Prefeito Dalmy Cris\u00f3stomo da Silva, atrav\u00e9s da Secretaria Municipal de Assist\u00eancia Social, realizou a entrega da 6\u00aa casa do Programa Habitacional \u201cConstruindo Sonhos\u201d. O Beneficiado foi o Sr. Idal\u00edcio Marques de Brito.<\/div>\n<div dir=\"auto\">O Programa Habitacional \u201cConstruindo Sonhos\u201d \u00e9 uma parceria do munic\u00edpio com o Governo do Estado, atrav\u00e9s da AGEHAB e ir\u00e1 beneficiar 25 fam\u00edlias alcinopolenses. O Programa investir\u00e1 em habita\u00e7\u00e3o quase R$2.000.000,00, sendo que 50% do valor s\u00e3o custeados pelo Governo do Estado e 50% custeados pelo munic\u00edpio.<\/div>\n<div dir=\"auto\"><a href=\"https:\/\/www.ocorreionews.com.br\/acervo-correio\/wp-content\/uploads\/2023\/03\/6-casas2.jpg\"><img loading=\"lazy\" decoding=\"async\" class=\"alignnone size-full wp-image-234022\" src=\"https:\/\/www.ocorreionews.com.br\/acervo-correio\/wp-content\/uploads\/2023\/03\/6-casas2.jpg\" alt=\"\" width=\"1600\" height=\"738\" srcset=\"https:\/\/www.ocorreionews.com.br\/acervo-correio\/wp-content\/uploads\/2023\/03\/6-casas2.jpg 1600w, https:\/\/www.ocorreionews.com.br\/acervo-correio\/wp-content\/uploads\/2023\/03\/6-casas2-300x138.jpg 300w, https:\/\/www.ocorreionews.com.br\/acervo-correio\/wp-content\/uploads\/2023\/03\/6-casas2-1024x472.jpg 1024w, https:\/\/www.ocorreionews.com.br\/acervo-correio\/wp-content\/uploads\/2023\/03\/6-casas2-768x354.jpg 768w, https:\/\/www.ocorreionews.com.br\/acervo-correio\/wp-content\/uploads\/2023\/03\/6-casas2-1536x708.jpg 1536w\" sizes=\"auto, (max-width: 1600px) 100vw, 1600px\" \/><\/a><\/div>\n<div dir=\"auto\">\u00a0\u00a0<a href=\"https:\/\/www.ocorreionews.com.br\/acervo-correio\/wp-content\/uploads\/2023\/03\/6-casas6.jpg\"><img loading=\"lazy\" decoding=\"async\" class=\"alignnone size-full wp-image-234023\" src=\"https:\/\/www.ocorreionews.com.br\/acervo-correio\/wp-content\/uploads\/2023\/03\/6-casas6.jpg\" alt=\"\" width=\"1600\" height=\"738\" srcset=\"https:\/\/www.ocorreionews.com.br\/acervo-correio\/wp-content\/uploads\/2023\/03\/6-casas6.jpg 1600w, https:\/\/www.ocorreionews.com.br\/acervo-correio\/wp-content\/uploads\/2023\/03\/6-casas6-300x138.jpg 300w, https:\/\/www.ocorreionews.com.br\/acervo-correio\/wp-content\/uploads\/2023\/03\/6-casas6-1024x472.jpg 1024w, https:\/\/www.ocorreionews.com.br\/acervo-correio\/wp-content\/uploads\/2023\/03\/6-casas6-768x354.jpg 768w, https:\/\/www.ocorreionews.com.br\/acervo-correio\/wp-content\/uploads\/2023\/03\/6-casas6-1536x708.jpg 1536w\" sizes=\"auto, (max-width: 1600px) 100vw, 1600px\" \/><\/a><\/div>\n<div dir=\"auto\">A resid\u00eancia entregue contem sala, cozinha, 02 quartos, banheiro, \u00e1rea de servi\u00e7o, toda forrada e com cer\u00e2mica. Cada casa tem o valor aproximado de R$75.241,10.<\/div>\n<div dir=\"auto\">Emocionado, o Sr. Idal\u00edcio, que no ato estava acompanhado de sua filha e neto, agradeceu \u00e0 Deus e a todos os envolvidos e disse estar muito feliz por poder realizar o sonho de ter sua casa pr\u00f3pria.<\/div>\n<div dir=\"auto\"><a href=\"https:\/\/www.ocorreionews.com.br\/acervo-correio\/wp-content\/uploads\/2023\/03\/6-casas.jpg\"><img loading=\"lazy\" decoding=\"async\" class=\"alignnone size-full wp-image-234021\" src=\"https:\/\/www.ocorreionews.com.br\/acervo-correio\/wp-content\/uploads\/2023\/03\/6-casas.jpg\" alt=\"\" width=\"1600\" height=\"738\" srcset=\"https:\/\/www.ocorreionews.com.br\/acervo-correio\/wp-content\/uploads\/2023\/03\/6-casas.jpg 1600w, https:\/\/www.ocorreionews.com.br\/acervo-correio\/wp-content\/uploads\/2023\/03\/6-casas-300x138.jpg 300w, https:\/\/www.ocorreionews.com.br\/acervo-correio\/wp-content\/uploads\/2023\/03\/6-casas-1024x472.jpg 1024w, https:\/\/www.ocorreionews.com.br\/acervo-correio\/wp-content\/uploads\/2023\/03\/6-casas-768x354.jpg 768w, https:\/\/www.ocorreionews.com.br\/acervo-correio\/wp-content\/uploads\/2023\/03\/6-casas-1536x708.jpg 1536w\" sizes=\"auto, (max-width: 1600px) 100vw, 1600px\" \/><\/a><\/div>\n<div dir=\"auto\">Estiveram presentes no evento:<\/div>\n<div dir=\"auto\">Prefeito &#8211; Dalmy Cris\u00f3stomo da silva<\/div>\n<div dir=\"auto\">Vice-prefeito \u2013 Valter Roniz<\/div>\n<div dir=\"auto\">Secret\u00e1rio Interino de Assist\u00eancia Social \u2013 Paulo C\u00e9sar Oliveira de Souza<\/div>\n<div dir=\"auto\">Presidente da C\u00e2mara \u2013 Valdeci Passarinho<\/div>\n<div dir=\"auto\">Secret\u00e1rio de Sa\u00fade \u2013 Jo\u00e3o abadio de Oliveira Neto<\/div>\n<div dir=\"auto\">Secret\u00e1rio de Desenvolvimento \u2013 Nahur Tito<\/div>\n<div dir=\"auto\">Secret\u00e1rio de Educa\u00e7\u00e3o \u2013 Jesus Aparecido<\/div>\n<div dir=\"auto\">Secret\u00e1rio de Obras \u2013 Fernando Nicoletti<\/div>\n<div dir=\"auto\">Vereadores: Ademir M\u00fcller;<\/div>\n<div dir=\"auto\">\u00c2ngelo do Nicola;<\/div>\n<div dir=\"auto\">Izabel do Zezinho;<\/div>\n<div dir=\"auto\">Evaldo Furtado;<\/div>\n<div dir=\"auto\">Servidores p\u00fablicos e mun\u00edcipes<\/div>\n<div dir=\"auto\">Fonte\/Fotos: Assecom\/Prefeitura de Alcin\u00f3polis\/Simone Nogueira<\/div>\n","protected":false},"excerpt":{"rendered":"<p>Nesta manh\u00e3 (13\/03) o Prefeito Dalmy Cris\u00f3stomo da Silva, atrav\u00e9s da Secretaria Municipal de Assist\u00eancia Social, realizou a entrega da 6\u00aa casa do Programa Habitacional \u201cConstruindo Sonhos\u201d. O Beneficiado foi o Sr. Idal\u00edcio Marques de Brito. O Programa Habitacional \u201cConstruindo Sonhos\u201d \u00e9 uma parceria do munic\u00edpio com o Governo do Estado, atrav\u00e9s da AGEHAB e [&hellip;]<\/p>\n","protected":false},"author":4,"featured_media":234024,"comment_status":"closed","ping_status":"closed","sticky":false,"template":"","format":"standard","meta":{"footnotes":""},"categories":[18],"tags":[],"class_list":["post-234019","post","type-post","status-publish","format-standard","has-post-thumbnail","hentry","category-alcinopolis"],"_links":{"self":[{"href":"https:\/\/www.ocorreionews.com.br\/acervo-correio\/index.php?rest_route=\/wp\/v2\/posts\/234019","targetHints":{"allow":["GET"]}}],"collection":[{"href":"https:\/\/www.ocorreionews.com.br\/acervo-correio\/index.php?rest_route=\/wp\/v2\/posts"}],"about":[{"href":"https:\/\/www.ocorreionews.com.br\/acervo-correio\/index.php?rest_route=\/wp\/v2\/types\/post"}],"author":[{"embeddable":true,"href":"https:\/\/www.ocorreionews.com.br\/acervo-correio\/index.php?rest_route=\/wp\/v2\/users\/4"}],"replies":[{"embeddable":true,"href":"https:\/\/www.ocorreionews.com.br\/acervo-correio\/index.php?rest_route=%2Fwp%2Fv2%2Fcomments&post=234019"}],"version-history":[{"count":1,"href":"https:\/\/www.ocorreionews.com.br\/acervo-correio\/index.php?rest_route=\/wp\/v2\/posts\/234019\/revisions"}],"predecessor-version":[{"id":234026,"href":"https:\/\/www.ocorreionews.com.br\/acervo-correio\/index.php?rest_route=\/wp\/v2\/posts\/234019\/revisions\/234026"}],"wp:featuredmedia":[{"embeddable":true,"href":"https:\/\/www.ocorreionews.com.br\/acervo-correio\/index.php?rest_route=\/wp\/v2\/media\/234024"}],"wp:attachment":[{"href":"https:\/\/www.ocorreionews.com.br\/acervo-correio\/index.php?rest_route=%2Fwp%2Fv2%2Fmedia&parent=234019"}],"wp:term":[{"taxonomy":"category","embeddable":true,"href":"https:\/\/www.ocorreionews.com.br\/acervo-correio\/index.php?rest_route=%2Fwp%2Fv2%2Fcategories&post=234019"},{"taxonomy":"post_tag","embeddable":true,"href":"https:\/\/www.ocorreionews.com.br\/acervo-correio\/index.php?rest_route=%2Fwp%2Fv2%2Ftags&post=234019"}],"curies":[{"name":"wp","href":"https:\/\/api.w.org\/{rel}","templated":true}]}}