{"id":234033,"date":"2023-03-13T14:11:11","date_gmt":"2023-03-13T18:11:11","guid":{"rendered":"https:\/\/www.ocorreionews.com.br\/acervo-correio\/?p=234033"},"modified":"2023-03-13T14:11:11","modified_gmt":"2023-03-13T18:11:11","slug":"homem-e-detido-apos-chegar-alterado-em-hotel-e-ameacar-outros-hospede-em-costa-rica","status":"publish","type":"post","link":"https:\/\/www.ocorreionews.com.br\/acervo-correio\/?p=234033","title":{"rendered":"Homem \u00e9 detido ap\u00f3s chegar alterado em hotel e amea\u00e7ar outros hospede em Costa Rica"},"content":{"rendered":"<p>Um homem de 31 anos foi detido na madrugada do ultimo s\u00e1bado (11), em Costa Rica, depois de chegar ao Hotel e amea\u00e7ar outros hospede.<\/p>\n<p>De acordo com informa\u00e7\u00f5es do Boletim de Ocorr\u00eancia, por volta da meia noite, a Pol\u00edcia Militar de Costa Rica, foi acionada via 190, por uma recepcionista de um Hotel da cidade, onde relatou que um hospede estava alterado gritando com v\u00e1rios outros hospedes, no intuito de brigar.<\/p>\n<p>De imediato o policias foram at\u00e9 o local e l\u00e1 encontraram o autor, que estava muito alterado gritando e chamando outras pessoas para a briga. Os Militares tentaram cont\u00ea-lo, por\u00e9m o autor ficou gritando e jogando uma mochila de roupas no corredor do hotel, assim devido ao fato o autor foi detido e conduzido at\u00e9 a Delegacia de Policia.<\/p>\n","protected":false},"excerpt":{"rendered":"<p>Um homem de 31 anos foi detido na madrugada do ultimo s\u00e1bado (11), em Costa Rica, depois de chegar ao Hotel e amea\u00e7ar outros hospede. De acordo com informa\u00e7\u00f5es do Boletim de Ocorr\u00eancia, por volta da meia noite, a Pol\u00edcia Militar de Costa Rica, foi acionada via 190, por uma recepcionista de um Hotel da [&hellip;]<\/p>\n","protected":false},"author":5,"featured_media":228558,"comment_status":"closed","ping_status":"closed","sticky":false,"template":"","format":"standard","meta":{"footnotes":""},"categories":[25,38],"tags":[],"class_list":["post-234033","post","type-post","status-publish","format-standard","has-post-thumbnail","hentry","category-costa-rica","category-policia"],"_links":{"self":[{"href":"https:\/\/www.ocorreionews.com.br\/acervo-correio\/index.php?rest_route=\/wp\/v2\/posts\/234033","targetHints":{"allow":["GET"]}}],"collection":[{"href":"https:\/\/www.ocorreionews.com.br\/acervo-correio\/index.php?rest_route=\/wp\/v2\/posts"}],"about":[{"href":"https:\/\/www.ocorreionews.com.br\/acervo-correio\/index.php?rest_route=\/wp\/v2\/types\/post"}],"author":[{"embeddable":true,"href":"https:\/\/www.ocorreionews.com.br\/acervo-correio\/index.php?rest_route=\/wp\/v2\/users\/5"}],"replies":[{"embeddable":true,"href":"https:\/\/www.ocorreionews.com.br\/acervo-correio\/index.php?rest_route=%2Fwp%2Fv2%2Fcomments&post=234033"}],"version-history":[{"count":1,"href":"https:\/\/www.ocorreionews.com.br\/acervo-correio\/index.php?rest_route=\/wp\/v2\/posts\/234033\/revisions"}],"predecessor-version":[{"id":234034,"href":"https:\/\/www.ocorreionews.com.br\/acervo-correio\/index.php?rest_route=\/wp\/v2\/posts\/234033\/revisions\/234034"}],"wp:featuredmedia":[{"embeddable":true,"href":"https:\/\/www.ocorreionews.com.br\/acervo-correio\/index.php?rest_route=\/wp\/v2\/media\/228558"}],"wp:attachment":[{"href":"https:\/\/www.ocorreionews.com.br\/acervo-correio\/index.php?rest_route=%2Fwp%2Fv2%2Fmedia&parent=234033"}],"wp:term":[{"taxonomy":"category","embeddable":true,"href":"https:\/\/www.ocorreionews.com.br\/acervo-correio\/index.php?rest_route=%2Fwp%2Fv2%2Fcategories&post=234033"},{"taxonomy":"post_tag","embeddable":true,"href":"https:\/\/www.ocorreionews.com.br\/acervo-correio\/index.php?rest_route=%2Fwp%2Fv2%2Ftags&post=234033"}],"curies":[{"name":"wp","href":"https:\/\/api.w.org\/{rel}","templated":true}]}}