{"id":234041,"date":"2023-03-13T14:48:38","date_gmt":"2023-03-13T18:48:38","guid":{"rendered":"https:\/\/www.ocorreionews.com.br\/acervo-correio\/?p=234041"},"modified":"2023-03-13T14:48:38","modified_gmt":"2023-03-13T18:48:38","slug":"realizada-a-aula-magna-do-curso-de-enfermagem-da-uems-em-costa-rica-prefeito-destaca-importancia-para-cidade","status":"publish","type":"post","link":"https:\/\/www.ocorreionews.com.br\/acervo-correio\/?p=234041","title":{"rendered":"Realizada a Aula Magna do curso de Enfermagem da UEMS em Costa Rica, prefeito destaca import\u00e2ncia para cidade"},"content":{"rendered":"<div class=\"ntc_cont_descricao_noticia sw_txteditor\">\n<div>A manh\u00e3 desta segunda-feira (13) foi marcada pela Aula Magna do curso de Enfermagem da UEMS (Universidade Estadual de Mato Grosso do Sul) em Costa Rica. Durante o evento, realizado no audit\u00f3rio da SEMED (Secretaria Municipal de Educa\u00e7\u00e3o), o Governo de Costa Rica destacou a import\u00e2ncia da gradua\u00e7\u00e3o que chega de forma in\u00e9dita no munic\u00edpio.<\/p>\n<p>\u201cHoje vivenciamos a realidade de ter o curso de Enfermagem presencial e gratuito em Costa Rica, esta importante ci\u00eancia que se dedica \u00e0 promo\u00e7\u00e3o, manuten\u00e7\u00e3o e restabelecimento de sa\u00fade nas pessoas, al\u00e9m disso, contemplamos a nossa cidade crescer cada vez mais, tendo a Educa\u00e7\u00e3o como um canal que torna isso poss\u00edvel. \u00a0Agradecemos a todos que lutaram conosco desde o in\u00edcio para trazer este curso para Costa Rica, superando os obst\u00e1culos um a um e aproveitar para dizer que este \u00e9 o primeiro de muitos outros cursos superiores que queremos trazer pra c\u00e1\u201d, disse o prefeito, delegado Cleverson Alves dos Santos.<\/p><\/div>\n<div><img loading=\"lazy\" decoding=\"async\" class=\"imgcentraliza aligncenter\" src=\"https:\/\/www.costarica.ms.gov.br\/fotos\/c850ccf1fa82cda406d276e74d877c6e.jpg\" alt=\"Foto Noticia Principal Grande\" width=\"601\" height=\"451\" \/><\/p>\n<p>Representando o reitor da UEMS, doutor La\u00e9rcio Alves de Carvalho, a pr\u00f3-reitora Maria Jos\u00e9 de Jesus Alves Cordeiro, destacou que o curso tamb\u00e9m vem com objetivo de alavancar os servi\u00e7os de sa\u00fade, capacitando novos profissionais do munic\u00edpio e regi\u00e3o, dentro da miss\u00e3o da UEMS de gerar e disseminar o conhecimento, com vistas ao desenvolvimento das potencialidades humanas, dos aspectos pol\u00edtico, econ\u00f4mico e social do Estado, e com compromisso democr\u00e1tico de acesso \u00e0 educa\u00e7\u00e3o superior e o fortalecimento de outros n\u00edveis de ensino, contribuindo, dessa forma, para a consolida\u00e7\u00e3o da democracia.<\/p>\n<p>\u201cQuero citar Paulo Freire que diz: \u2018Os sonhos s\u00e3o projetos pelos\u00a0quais se luta. Sua realiza\u00e7\u00e3o n\u00e3o se verifica facilmente, sem obst\u00e1culos. Implica,\u00a0pelo\u00a0contr\u00e1rio, avan\u00e7os, recuos, marchas \u00e0s vezes demoradas. Implica luta\u2019, porque isso define um pouco do que enfrentamos, com apoio da classe pol\u00edtica do munic\u00edpio, no decorrer de 2022, para trazer o curso para Costa Rica e chegar at\u00e9 aqui com a Aula Magna\u201d, afirmou a pr\u00f3-reitora.<\/p>\n<p>Com a miss\u00e3o de coordenar o curso em Costa Rica, a mestre em enfermagem Simone Vidmantas, frisou que \u201censinar enfermagem atualmente traz consigo a incumb\u00eancia de trazer significado para o voc\u00e1bulo assistir. N\u00e3o quero chamar este momento de \u00fanico, pois tenho a certeza de que haver\u00e1 muitos outros momentos t\u00e3o especiais como este na nossa trajet\u00f3ria \u201d, comentou.<\/p>\n<p>Para\u00a0encerrar a aula, a doutora Cibele de Moura Sales, ministrou uma palestra aos novos alunos \u00a0destacando que o curso de enfermagem vem trabalhando com um projeto pedag\u00f3gico que contemple a forma\u00e7\u00e3o de Enfermeiros (as) com compet\u00eancias para desenvolver conhecimentos cient\u00edficos, habilidades t\u00e9cnicas e atitudes \u00e9ticas, legais e human\u00edsticas adequadas \u00e0 realidade\u00a0e \u00e0s necessidades de reconhecimento da profiss\u00e3o.<\/p>\n<p>A cerim\u00f4nia tamb\u00e9m contou com a presen\u00e7a do vice-prefeito, Roni Cota, do presidente da C\u00e2mara Municipal, Ailton Amorim, vereadores, secret\u00e1rios, subsecret\u00e1rios, entre outras autoridades municipais.\n<\/p><\/div>\n<p><img loading=\"lazy\" decoding=\"async\" class=\"imgcentraliza aligncenter\" src=\"https:\/\/www.costarica.ms.gov.br\/fotos\/89d3bafd5d1c9dc995ffbbbfc97110a9.jpg\" alt=\"Foto Noticia Principal Grande\" width=\"599\" height=\"449\" \/><\/p>\n<\/div>\n<div class=\"ntc_area_info_noticia sw_lato\">\n<div>\n<div class=\"ntc_info_noticia\"><strong class=\"sw_lato_black\">Fonte: <\/strong>Assessoria de Comunica\u00e7\u00e3o,<strong class=\"sw_lato_black\">\u00a0<\/strong>Angela Bezerra<\/div>\n<\/div>\n<\/div>\n","protected":false},"excerpt":{"rendered":"<p>A manh\u00e3 desta segunda-feira (13) foi marcada pela Aula Magna do curso de Enfermagem da UEMS (Universidade Estadual de Mato Grosso do Sul) em Costa Rica. Durante o evento, realizado no audit\u00f3rio da SEMED (Secretaria Municipal de Educa\u00e7\u00e3o), o Governo de Costa Rica destacou a import\u00e2ncia da gradua\u00e7\u00e3o que chega de forma in\u00e9dita no munic\u00edpio. [&hellip;]<\/p>\n","protected":false},"author":5,"featured_media":234045,"comment_status":"closed","ping_status":"closed","sticky":false,"template":"","format":"standard","meta":{"footnotes":""},"categories":[25,41],"tags":[],"class_list":["post-234041","post","type-post","status-publish","format-standard","has-post-thumbnail","hentry","category-costa-rica","category-destaque"],"_links":{"self":[{"href":"https:\/\/www.ocorreionews.com.br\/acervo-correio\/index.php?rest_route=\/wp\/v2\/posts\/234041","targetHints":{"allow":["GET"]}}],"collection":[{"href":"https:\/\/www.ocorreionews.com.br\/acervo-correio\/index.php?rest_route=\/wp\/v2\/posts"}],"about":[{"href":"https:\/\/www.ocorreionews.com.br\/acervo-correio\/index.php?rest_route=\/wp\/v2\/types\/post"}],"author":[{"embeddable":true,"href":"https:\/\/www.ocorreionews.com.br\/acervo-correio\/index.php?rest_route=\/wp\/v2\/users\/5"}],"replies":[{"embeddable":true,"href":"https:\/\/www.ocorreionews.com.br\/acervo-correio\/index.php?rest_route=%2Fwp%2Fv2%2Fcomments&post=234041"}],"version-history":[{"count":1,"href":"https:\/\/www.ocorreionews.com.br\/acervo-correio\/index.php?rest_route=\/wp\/v2\/posts\/234041\/revisions"}],"predecessor-version":[{"id":234049,"href":"https:\/\/www.ocorreionews.com.br\/acervo-correio\/index.php?rest_route=\/wp\/v2\/posts\/234041\/revisions\/234049"}],"wp:featuredmedia":[{"embeddable":true,"href":"https:\/\/www.ocorreionews.com.br\/acervo-correio\/index.php?rest_route=\/wp\/v2\/media\/234045"}],"wp:attachment":[{"href":"https:\/\/www.ocorreionews.com.br\/acervo-correio\/index.php?rest_route=%2Fwp%2Fv2%2Fmedia&parent=234041"}],"wp:term":[{"taxonomy":"category","embeddable":true,"href":"https:\/\/www.ocorreionews.com.br\/acervo-correio\/index.php?rest_route=%2Fwp%2Fv2%2Fcategories&post=234041"},{"taxonomy":"post_tag","embeddable":true,"href":"https:\/\/www.ocorreionews.com.br\/acervo-correio\/index.php?rest_route=%2Fwp%2Fv2%2Ftags&post=234041"}],"curies":[{"name":"wp","href":"https:\/\/api.w.org\/{rel}","templated":true}]}}