{"id":234042,"date":"2023-03-13T14:41:38","date_gmt":"2023-03-13T18:41:38","guid":{"rendered":"https:\/\/www.ocorreionews.com.br\/acervo-correio\/?p=234042"},"modified":"2023-03-13T14:41:38","modified_gmt":"2023-03-13T18:41:38","slug":"alcinopolis-seis-projetos-de-lei-foram-apresentados-em-sessao","status":"publish","type":"post","link":"https:\/\/www.ocorreionews.com.br\/acervo-correio\/?p=234042","title":{"rendered":"Alcinopolis: Seis projetos de lei foram apresentados em sess\u00e3o"},"content":{"rendered":"<p>Na manh\u00e3 do dia 13 de mar\u00e7o os vereadores reuniram-se para a realiza\u00e7\u00e3o de uma Sess\u00e3o Ordin\u00e1ria, no Plen\u00e1rio \u201cAdolfo Alves Carneiro\u201d. Nesta Sess\u00e3o, como destaque, houve a vota\u00e7\u00e3o do Projeto de Lei n\u00ba 004\/23, que cria, no \u00e2mbito do munic\u00edpio, o Programa Municipal \u201cBolsa Universit\u00e1ria\u201d, de autoria do Executivo Municipal. Al\u00e9m deste, ainda foi votada a Resolu\u00e7\u00e3o n\u00ba 003\/23, que disp\u00f5e sobre a revoga\u00e7\u00e3o da Resolu\u00e7\u00e3o n\u00ba 002\/23, de autoria do Legislativo Municipal, ambos aprovados com unanimidade dos votos dos vereadores presentes.<\/p>\n<p>&nbsp;<\/p>\n<p>Foram apresentados dois Projetos de Lei, de autoria do Legislativo Municipal: o de n\u00ba 001\/23, que disp\u00f5e sobre a institui\u00e7\u00e3o de verba indenizat\u00f3ria para manuten\u00e7\u00e3o de apoio aos gabinetes; e o Complementar de n\u00ba 001\/23, que concede reajuste salarial aos vencimentos dos servidores do quadro pr\u00f3prio do Poder Legislativo.<\/p>\n<p>&nbsp;<\/p>\n<p>De autoria do Executivo Municipal, quatro Projetos de Lei Complementar foram apresentados: o de n\u00ba 001\/23, que disp\u00f5e sobre o piso salarial do magist\u00e9rio do munic\u00edpio de Alcin\u00f3polis; o de n\u00ba 002\/23, que estabelece regime jur\u00eddico estatut\u00e1rio aos servidores p\u00fablicos da administra\u00e7\u00e3o direta, indireta ou fundacional do munic\u00edpio de Alcin\u00f3polis; o de n\u00ba 003\/23, que disp\u00f5e sobre a consolida\u00e7\u00e3o da legisla\u00e7\u00e3o sobre o Plano de Cargos e Remunera\u00e7\u00e3o dos servidores do Poder Executivo Municipal; o de n\u00ba 004\/23, que disp\u00f5e sobre a estrutura administrativa do Poder Executivo do munic\u00edpio de Alcin\u00f3polis. Al\u00e9m destes, outros dois Projetos de Lei ser\u00e3o apresentados, tamb\u00e9m de autoria do Executivo Municipal: o de n\u00ba 005\/23, que institui o Programa de Recupera\u00e7\u00e3o Fiscal \u2013 REFIS no munic\u00edpio de Alcin\u00f3polis; e o de n\u00ba 006\/23, que disp\u00f5e sobre a revis\u00e3o dos subs\u00eddios dos agentes pol\u00edticos do munic\u00edpio de Alcin\u00f3polis.<\/p>\n<p>&nbsp;<\/p>\n<p>Foram apresentadas, ainda, tr\u00eas indica\u00e7\u00f5es de autoria do vereador \u00c2ngelo do Nicola (PP), tr\u00eas indica\u00e7\u00f5es de autoria da vereadora Onilza Matias (PL), e uma indica\u00e7\u00e3o de autoria do vereador Ademir M\u00fcller (PSDB).<\/p>\n<p>Assessoria de Comunica\u00e7\u00e3o \u2013 ASCOM Jornalista Bruna Souza<\/p>\n","protected":false},"excerpt":{"rendered":"<p>Na manh\u00e3 do dia 13 de mar\u00e7o os vereadores reuniram-se para a realiza\u00e7\u00e3o de uma Sess\u00e3o Ordin\u00e1ria, no Plen\u00e1rio \u201cAdolfo Alves Carneiro\u201d. Nesta Sess\u00e3o, como destaque, houve a vota\u00e7\u00e3o do Projeto de Lei n\u00ba 004\/23, que cria, no \u00e2mbito do munic\u00edpio, o Programa Municipal \u201cBolsa Universit\u00e1ria\u201d, de autoria do Executivo Municipal. Al\u00e9m deste, ainda foi [&hellip;]<\/p>\n","protected":false},"author":4,"featured_media":192063,"comment_status":"closed","ping_status":"closed","sticky":false,"template":"","format":"standard","meta":{"footnotes":""},"categories":[18,20],"tags":[],"class_list":["post-234042","post","type-post","status-publish","format-standard","has-post-thumbnail","hentry","category-alcinopolis","category-camara-municipal"],"_links":{"self":[{"href":"https:\/\/www.ocorreionews.com.br\/acervo-correio\/index.php?rest_route=\/wp\/v2\/posts\/234042","targetHints":{"allow":["GET"]}}],"collection":[{"href":"https:\/\/www.ocorreionews.com.br\/acervo-correio\/index.php?rest_route=\/wp\/v2\/posts"}],"about":[{"href":"https:\/\/www.ocorreionews.com.br\/acervo-correio\/index.php?rest_route=\/wp\/v2\/types\/post"}],"author":[{"embeddable":true,"href":"https:\/\/www.ocorreionews.com.br\/acervo-correio\/index.php?rest_route=\/wp\/v2\/users\/4"}],"replies":[{"embeddable":true,"href":"https:\/\/www.ocorreionews.com.br\/acervo-correio\/index.php?rest_route=%2Fwp%2Fv2%2Fcomments&post=234042"}],"version-history":[{"count":1,"href":"https:\/\/www.ocorreionews.com.br\/acervo-correio\/index.php?rest_route=\/wp\/v2\/posts\/234042\/revisions"}],"predecessor-version":[{"id":234043,"href":"https:\/\/www.ocorreionews.com.br\/acervo-correio\/index.php?rest_route=\/wp\/v2\/posts\/234042\/revisions\/234043"}],"wp:featuredmedia":[{"embeddable":true,"href":"https:\/\/www.ocorreionews.com.br\/acervo-correio\/index.php?rest_route=\/wp\/v2\/media\/192063"}],"wp:attachment":[{"href":"https:\/\/www.ocorreionews.com.br\/acervo-correio\/index.php?rest_route=%2Fwp%2Fv2%2Fmedia&parent=234042"}],"wp:term":[{"taxonomy":"category","embeddable":true,"href":"https:\/\/www.ocorreionews.com.br\/acervo-correio\/index.php?rest_route=%2Fwp%2Fv2%2Fcategories&post=234042"},{"taxonomy":"post_tag","embeddable":true,"href":"https:\/\/www.ocorreionews.com.br\/acervo-correio\/index.php?rest_route=%2Fwp%2Fv2%2Ftags&post=234042"}],"curies":[{"name":"wp","href":"https:\/\/api.w.org\/{rel}","templated":true}]}}