{"id":234098,"date":"2023-03-14T07:10:28","date_gmt":"2023-03-14T11:10:28","guid":{"rendered":"https:\/\/www.ocorreionews.com.br\/acervo-correio\/?p=234098"},"modified":"2023-03-14T07:10:28","modified_gmt":"2023-03-14T11:10:28","slug":"projeto-musica-e-arte-abre-novas-matriculas-para-aula-de-violao-e-canto-coral","status":"publish","type":"post","link":"https:\/\/www.ocorreionews.com.br\/acervo-correio\/?p=234098","title":{"rendered":"Projeto M\u00fasica e Arte abre novas matr\u00edculas para aula de viol\u00e3o e canto coral"},"content":{"rendered":"<p>A Secretaria de Educa\u00e7\u00e3o e Cultura informa a toda popula\u00e7\u00e3o que, o projeto M\u00fasica e Arte est\u00e1 com s matr\u00edculas abertas para aulas de viol\u00e3o e canto.<\/p>\n<p>O projeto oferece oportunidades de aprendizado e desenvolvimento musical para todos os interessados.<\/p>\n<p>Para realizar a matr\u00edcula no projeto M\u00fasica e Arte, \u00e9 necess\u00e1rio apresentar alguns documentos obrigat\u00f3rios. A matr\u00edcula deve ser realizada presencialmente na sede do projeto, localizada na Avenida Oito, 582, Centro.<\/p>\n<p>Documentos necess\u00e1rios:<\/p>\n<ul>\n<li>Foto 3&#215;4 do aluno<\/li>\n<li>Documentos pessoais do aluno (RG ou certid\u00e3o de nascimento) Documentos pessoais dos pais ou respons\u00e1veis legais do aluno (RG, CPF ou CNH)<\/li>\n<li>Comprovante de resid\u00eancia<\/li>\n<li>Declara\u00e7\u00e3o de matr\u00edcula da escola (para alunos menores de idade)<\/li>\n<\/ul>\n<p>&nbsp;<\/p>\n<p>As aulas de viol\u00e3o ser\u00e3o ministradas em duas turmas, no per\u00edodo matutino e vespertino.<\/p>\n<p>Para o per\u00edodo matutino, as turmas ser\u00e3o \u00e0s ter\u00e7as e quintas-feiras, em dois hor\u00e1rios distintos: das 8h \u00e0s 8h50 e das 8h50 \u00e0s 9h40, para o per\u00edodo vespertino, as turmas ser\u00e3o \u00e0s segundas e quartas-feiras, tamb\u00e9m em dois hor\u00e1rios distintos: das 14h \u00e0s 14h50 e das 14h50 \u00e0s 15h40. Ser\u00e3o abordados conceitos b\u00e1sicos e intermedi\u00e1rios, para que os alunos possam se desenvolver de forma progressiva e consistente.<\/p>\n<p>J\u00e1 para as aulas de canto coral, o projeto oferece duas turmas: uma no per\u00edodo matutino, \u00e0s ter\u00e7as-feiras, das 8h40 \u00e0s 9h30, e outra no per\u00edodo vespertino, \u00e0s ter\u00e7as-feiras, das 14h40 \u00e0s 15h30.<\/p>\n<p>O objetivo \u00e9 promover a integra\u00e7\u00e3o e aperfei\u00e7oamento das vozes dos alunos, para que possam cantar em conjunto e desenvolver habilidades de interpreta\u00e7\u00e3o musical.<\/p>\n<p>Para mais informa\u00e7\u00f5es os interessados dever\u00e3o entrar em contato atrav\u00e9s do (67) 99608-4807.<\/p>\n<p>Se voc\u00ea est\u00e1 interessado em aprender viol\u00e3o ou canto coral, n\u00e3o perca essa oportunidade! Venha se matricular no projeto M\u00fasica e Arte e comece sua jornada no mundo da m\u00fasica.<\/p>\n","protected":false},"excerpt":{"rendered":"<p>A Secretaria de Educa\u00e7\u00e3o e Cultura informa a toda popula\u00e7\u00e3o que, o projeto M\u00fasica e Arte est\u00e1 com s matr\u00edculas abertas para aulas de viol\u00e3o e canto. O projeto oferece oportunidades de aprendizado e desenvolvimento musical para todos os interessados. Para realizar a matr\u00edcula no projeto M\u00fasica e Arte, \u00e9 necess\u00e1rio apresentar alguns documentos obrigat\u00f3rios. [&hellip;]<\/p>\n","protected":false},"author":4,"featured_media":234099,"comment_status":"closed","ping_status":"closed","sticky":false,"template":"","format":"standard","meta":{"footnotes":""},"categories":[23],"tags":[],"class_list":["post-234098","post","type-post","status-publish","format-standard","has-post-thumbnail","hentry","category-chapadao-do-sul"],"_links":{"self":[{"href":"https:\/\/www.ocorreionews.com.br\/acervo-correio\/index.php?rest_route=\/wp\/v2\/posts\/234098","targetHints":{"allow":["GET"]}}],"collection":[{"href":"https:\/\/www.ocorreionews.com.br\/acervo-correio\/index.php?rest_route=\/wp\/v2\/posts"}],"about":[{"href":"https:\/\/www.ocorreionews.com.br\/acervo-correio\/index.php?rest_route=\/wp\/v2\/types\/post"}],"author":[{"embeddable":true,"href":"https:\/\/www.ocorreionews.com.br\/acervo-correio\/index.php?rest_route=\/wp\/v2\/users\/4"}],"replies":[{"embeddable":true,"href":"https:\/\/www.ocorreionews.com.br\/acervo-correio\/index.php?rest_route=%2Fwp%2Fv2%2Fcomments&post=234098"}],"version-history":[{"count":1,"href":"https:\/\/www.ocorreionews.com.br\/acervo-correio\/index.php?rest_route=\/wp\/v2\/posts\/234098\/revisions"}],"predecessor-version":[{"id":234100,"href":"https:\/\/www.ocorreionews.com.br\/acervo-correio\/index.php?rest_route=\/wp\/v2\/posts\/234098\/revisions\/234100"}],"wp:featuredmedia":[{"embeddable":true,"href":"https:\/\/www.ocorreionews.com.br\/acervo-correio\/index.php?rest_route=\/wp\/v2\/media\/234099"}],"wp:attachment":[{"href":"https:\/\/www.ocorreionews.com.br\/acervo-correio\/index.php?rest_route=%2Fwp%2Fv2%2Fmedia&parent=234098"}],"wp:term":[{"taxonomy":"category","embeddable":true,"href":"https:\/\/www.ocorreionews.com.br\/acervo-correio\/index.php?rest_route=%2Fwp%2Fv2%2Fcategories&post=234098"},{"taxonomy":"post_tag","embeddable":true,"href":"https:\/\/www.ocorreionews.com.br\/acervo-correio\/index.php?rest_route=%2Fwp%2Fv2%2Ftags&post=234098"}],"curies":[{"name":"wp","href":"https:\/\/api.w.org\/{rel}","templated":true}]}}