{"id":234104,"date":"2023-03-14T08:20:10","date_gmt":"2023-03-14T12:20:10","guid":{"rendered":"https:\/\/www.ocorreionews.com.br\/acervo-correio\/?p=234104"},"modified":"2023-03-14T08:20:10","modified_gmt":"2023-03-14T12:20:10","slug":"motorista-morre-dentro-de-carro-depois-de-ser-arrastado-por-enxurrada-em-ms","status":"publish","type":"post","link":"https:\/\/www.ocorreionews.com.br\/acervo-correio\/?p=234104","title":{"rendered":"Motorista morre dentro de carro depois de ser arrastado por enxurrada em MS"},"content":{"rendered":"<p>Motorista foi encontrado morto dentro do carro ca\u00eddo em um c\u00f3rrego na regi\u00e3o do Assentamento S\u00e3o Manoel, em Anast\u00e1cio. A suspeita \u00e9 de que o ve\u00edculo tenha sido arrastado por enxurrada no fim de semana, contudo, o carro foi localizado nesta segunda-feira (13).<\/p>\n<p>O carro se trata de um Fiat Uno, segundo o site Portal de Aquidauana e seria conduzido por um homem identificado pelo primeiro nome: Jair. O Corpo de Bombeiros foi acionado durante a noite e deve realizar os trabalhos para retirada da v\u00edtima na manh\u00e3 desta ter\u00e7a-feira (14).<\/p>\n<p>A ponte do c\u00f3rrego est\u00e1 quebrada e no local h\u00e1 um desvio. H\u00e1 a suspeita de que o ve\u00edculo tenha atolado, sendo que o motorista resolveu dormir dentro do carro, mas o n\u00edvel de \u00e1gua aumentou e ele acabou arrastado pela enxurrada. O local \u00e9 um longo trecho com quedas e muitas pedras.<\/p>\n<p><img decoding=\"async\" src=\"http:\/\/portaldeaquidauana.com.br\/ckfinder\/userfiles\/images\/carro2(1).jpg\" alt=\"\" \/><img decoding=\"async\" src=\"http:\/\/portaldeaquidauana.com.br\/ckfinder\/userfiles\/images\/carro2(1).jpg\" alt=\"\" \/><a href=\"https:\/\/www.ocorreionews.com.br\/acervo-correio\/wp-content\/uploads\/2023\/03\/carro21.jpg\"><img loading=\"lazy\" decoding=\"async\" class=\"size-full wp-image-234108 aligncenter\" src=\"https:\/\/www.ocorreionews.com.br\/acervo-correio\/wp-content\/uploads\/2023\/03\/carro21.jpg\" alt=\"\" width=\"690\" height=\"920\" srcset=\"https:\/\/www.ocorreionews.com.br\/acervo-correio\/wp-content\/uploads\/2023\/03\/carro21.jpg 690w, https:\/\/www.ocorreionews.com.br\/acervo-correio\/wp-content\/uploads\/2023\/03\/carro21-225x300.jpg 225w\" sizes=\"auto, (max-width: 690px) 100vw, 690px\" \/><\/a><\/p>\n<p>Por Dayene Paz &#8211; CAMPO GRANDE NEWS<\/p>\n","protected":false},"excerpt":{"rendered":"<p>Motorista foi encontrado morto dentro do carro ca\u00eddo em um c\u00f3rrego na regi\u00e3o do Assentamento S\u00e3o Manoel, em Anast\u00e1cio. A suspeita \u00e9 de que o ve\u00edculo tenha sido arrastado por enxurrada no fim de semana, contudo, o carro foi localizado nesta segunda-feira (13). O carro se trata de um Fiat Uno, segundo o site Portal [&hellip;]<\/p>\n","protected":false},"author":5,"featured_media":234107,"comment_status":"closed","ping_status":"closed","sticky":false,"template":"","format":"standard","meta":{"footnotes":""},"categories":[38],"tags":[],"class_list":["post-234104","post","type-post","status-publish","format-standard","has-post-thumbnail","hentry","category-policia"],"_links":{"self":[{"href":"https:\/\/www.ocorreionews.com.br\/acervo-correio\/index.php?rest_route=\/wp\/v2\/posts\/234104","targetHints":{"allow":["GET"]}}],"collection":[{"href":"https:\/\/www.ocorreionews.com.br\/acervo-correio\/index.php?rest_route=\/wp\/v2\/posts"}],"about":[{"href":"https:\/\/www.ocorreionews.com.br\/acervo-correio\/index.php?rest_route=\/wp\/v2\/types\/post"}],"author":[{"embeddable":true,"href":"https:\/\/www.ocorreionews.com.br\/acervo-correio\/index.php?rest_route=\/wp\/v2\/users\/5"}],"replies":[{"embeddable":true,"href":"https:\/\/www.ocorreionews.com.br\/acervo-correio\/index.php?rest_route=%2Fwp%2Fv2%2Fcomments&post=234104"}],"version-history":[{"count":1,"href":"https:\/\/www.ocorreionews.com.br\/acervo-correio\/index.php?rest_route=\/wp\/v2\/posts\/234104\/revisions"}],"predecessor-version":[{"id":234109,"href":"https:\/\/www.ocorreionews.com.br\/acervo-correio\/index.php?rest_route=\/wp\/v2\/posts\/234104\/revisions\/234109"}],"wp:featuredmedia":[{"embeddable":true,"href":"https:\/\/www.ocorreionews.com.br\/acervo-correio\/index.php?rest_route=\/wp\/v2\/media\/234107"}],"wp:attachment":[{"href":"https:\/\/www.ocorreionews.com.br\/acervo-correio\/index.php?rest_route=%2Fwp%2Fv2%2Fmedia&parent=234104"}],"wp:term":[{"taxonomy":"category","embeddable":true,"href":"https:\/\/www.ocorreionews.com.br\/acervo-correio\/index.php?rest_route=%2Fwp%2Fv2%2Fcategories&post=234104"},{"taxonomy":"post_tag","embeddable":true,"href":"https:\/\/www.ocorreionews.com.br\/acervo-correio\/index.php?rest_route=%2Fwp%2Fv2%2Ftags&post=234104"}],"curies":[{"name":"wp","href":"https:\/\/api.w.org\/{rel}","templated":true}]}}