{"id":234113,"date":"2023-03-14T08:48:13","date_gmt":"2023-03-14T12:48:13","guid":{"rendered":"https:\/\/www.ocorreionews.com.br\/acervo-correio\/?p=234113"},"modified":"2023-03-14T08:48:13","modified_gmt":"2023-03-14T12:48:13","slug":"policiais-militares-de-paraiso-das-aguas-recebem-mocao-da-camara-municipal-de-vereadores","status":"publish","type":"post","link":"https:\/\/www.ocorreionews.com.br\/acervo-correio\/?p=234113","title":{"rendered":"Policiais militares de Para\u00edso das \u00c1guas recebem Mo\u00e7\u00e3o da C\u00e2mara Municipal de Vereadores"},"content":{"rendered":"<p>Durante a realiza\u00e7\u00e3o da 6\u00aa Sess\u00e3o Ordin\u00e1ria da C\u00e2mara Municipal de Para\u00edso das \u00c1guas, os vereadores homenagearam com a Mo\u00e7\u00e3o de Congratula\u00e7\u00e3o e Apoio, os policiais militares do 3\u00ba\u00a0 Pelot\u00e3o de Pol\u00edcia Militar: 3\u00ba Sargento Adriano de Camargo Monteiro e 3\u00ba Sargento Jefferson Alexandre Bedatty.<\/p>\n<p>A propositura foi do vereador Marquinhos do Pouso Alto (PSDB) pelos relevantes servi\u00e7os prestados para a popula\u00e7\u00e3o parisiense, nos quatro cantos do munic\u00edpio, em que a seguran\u00e7a \u00e9 refor\u00e7ada e garantida pelo pelot\u00e3o, assim como a cria\u00e7\u00e3o do Patrulhamento Rural, que contou com total apoio dos policiais homenageados, na sua implanta\u00e7\u00e3o e o bom funcionamento.<\/p>\n<p>&#8220;\u00c9 o m\u00ednimo que podemos fazer como legisladores, em agradec\u00ea-los pelo trabalho e incentiva-los a continuar trabalhando com afinco em prol \u00e0 nossa popula\u00e7\u00e3o&#8221;, destacou o vereador Marquinhos do Pouso Alto.<\/p>\n<p>A Mo\u00e7\u00e3o de Congratula\u00e7\u00e3o e Apoio foi aprovada por todos os parlamentares.<\/p>\n<p><img decoding=\"async\" src=\"https:\/\/www.bncnoticias.com.br\/arquivos\/img-uploads\/imagem_554.jpg\" \/><\/p>\n<p><img decoding=\"async\" src=\"https:\/\/www.bncnoticias.com.br\/arquivos\/img-uploads\/imagem_553.jpg\" \/><img decoding=\"async\" src=\"https:\/\/www.bncnoticias.com.br\/arquivos\/img-uploads\/imagem_555.jpg\" \/><img decoding=\"async\" src=\"https:\/\/www.bncnoticias.com.br\/arquivos\/img-uploads\/imagem_556.jpg\" \/><\/p>\n<p>&nbsp;<\/p>\n<p>*BNC Noticias<\/p>\n","protected":false},"excerpt":{"rendered":"<p>Durante a realiza\u00e7\u00e3o da 6\u00aa Sess\u00e3o Ordin\u00e1ria da C\u00e2mara Municipal de Para\u00edso das \u00c1guas, os vereadores homenagearam com a Mo\u00e7\u00e3o de Congratula\u00e7\u00e3o e Apoio, os policiais militares do 3\u00ba\u00a0 Pelot\u00e3o de Pol\u00edcia Militar: 3\u00ba Sargento Adriano de Camargo Monteiro e 3\u00ba Sargento Jefferson Alexandre Bedatty. A propositura foi do vereador Marquinhos do Pouso Alto (PSDB) [&hellip;]<\/p>\n","protected":false},"author":5,"featured_media":234114,"comment_status":"closed","ping_status":"closed","sticky":false,"template":"","format":"standard","meta":{"footnotes":""},"categories":[36],"tags":[],"class_list":["post-234113","post","type-post","status-publish","format-standard","has-post-thumbnail","hentry","category-paraiso-das-aguas"],"_links":{"self":[{"href":"https:\/\/www.ocorreionews.com.br\/acervo-correio\/index.php?rest_route=\/wp\/v2\/posts\/234113","targetHints":{"allow":["GET"]}}],"collection":[{"href":"https:\/\/www.ocorreionews.com.br\/acervo-correio\/index.php?rest_route=\/wp\/v2\/posts"}],"about":[{"href":"https:\/\/www.ocorreionews.com.br\/acervo-correio\/index.php?rest_route=\/wp\/v2\/types\/post"}],"author":[{"embeddable":true,"href":"https:\/\/www.ocorreionews.com.br\/acervo-correio\/index.php?rest_route=\/wp\/v2\/users\/5"}],"replies":[{"embeddable":true,"href":"https:\/\/www.ocorreionews.com.br\/acervo-correio\/index.php?rest_route=%2Fwp%2Fv2%2Fcomments&post=234113"}],"version-history":[{"count":1,"href":"https:\/\/www.ocorreionews.com.br\/acervo-correio\/index.php?rest_route=\/wp\/v2\/posts\/234113\/revisions"}],"predecessor-version":[{"id":234115,"href":"https:\/\/www.ocorreionews.com.br\/acervo-correio\/index.php?rest_route=\/wp\/v2\/posts\/234113\/revisions\/234115"}],"wp:featuredmedia":[{"embeddable":true,"href":"https:\/\/www.ocorreionews.com.br\/acervo-correio\/index.php?rest_route=\/wp\/v2\/media\/234114"}],"wp:attachment":[{"href":"https:\/\/www.ocorreionews.com.br\/acervo-correio\/index.php?rest_route=%2Fwp%2Fv2%2Fmedia&parent=234113"}],"wp:term":[{"taxonomy":"category","embeddable":true,"href":"https:\/\/www.ocorreionews.com.br\/acervo-correio\/index.php?rest_route=%2Fwp%2Fv2%2Fcategories&post=234113"},{"taxonomy":"post_tag","embeddable":true,"href":"https:\/\/www.ocorreionews.com.br\/acervo-correio\/index.php?rest_route=%2Fwp%2Fv2%2Ftags&post=234113"}],"curies":[{"name":"wp","href":"https:\/\/api.w.org\/{rel}","templated":true}]}}