{"id":234116,"date":"2023-03-14T09:30:59","date_gmt":"2023-03-14T13:30:59","guid":{"rendered":"https:\/\/www.ocorreionews.com.br\/acervo-correio\/?p=234116"},"modified":"2023-03-14T09:30:59","modified_gmt":"2023-03-14T13:30:59","slug":"ha-3-anos-ms-teve-primeiros-casos-positivos-de-covid-e-jovens-surtando-com-infectada-em-casa-de-show","status":"publish","type":"post","link":"https:\/\/www.ocorreionews.com.br\/acervo-correio\/?p=234116","title":{"rendered":"H\u00e1 3 anos, MS teve primeiros casos positivos de covid e jovens &#8216;surtando&#8217; com infectada em casa de show"},"content":{"rendered":"<div class=\"elementor-element elementor-element-33095f69 elementor-widget elementor-widget-theme-post-content\" data-id=\"33095f69\" data-element_type=\"widget\" data-widget_type=\"theme-post-content.default\">\n<div class=\"elementor-widget-container\">\n<p>O rel\u00f3gio marcava 15h20 de um s\u00e1bado, 14 de mar\u00e7o de 2020, quando veio a confirma\u00e7\u00e3o que o temido e desconhecido coronav\u00edrus chegara em Mato Grosso do Sul. Um homem e uma mulher, que procuraram unidades p\u00fablicas de sa\u00fade em Campo Grande, eram os precursores dessa saga que, ap\u00f3s 3 longos anos, aparentemente, j\u00e1 vive um cap\u00edtulo mais brando.<\/p>\n<p>Mas o medo do v\u00edrus mortal j\u00e1 tomava conta da cabe\u00e7a do campo-grandense, antes mesmo das primeiras confirma\u00e7\u00f5es. No dia anterior, 13 de mar\u00e7o de 2020, jovens surtaram com a informa\u00e7\u00e3o da presen\u00e7a de uma infectada em uma famosa balada de Campo Grande.<\/p>\n<p>A hist\u00f3ria teve in\u00edcio porque um estudante campo-grandense testou positivo em S\u00e3o Paulo. Por\u00e9m, a suspeita era que a infec\u00e7\u00e3o tivesse acontecido no Rio de Janeiro. No estilo CSI, <em>stalkers<\/em> foram de <em>stor<\/em>y em <em>stor<\/em>y juntado pe\u00e7as de um quebra-cabe\u00e7a, que no final mostrou que a namorada do mo\u00e7o esteve com ele na cidade maravilhosa.<\/p>\n<p>&#8220;Eu estava em um hotel do Rio de Janeiro, vi algumas pessoas de m\u00e1scara no hotel, mas fui para festas l\u00e1&#8221;, publicou o campo-grandense. A princ\u00edpio, ele acreditou que poderia ter sido infectado em uma das festas da viagem, onde estava com a namorada. Ele fez os exames no Hospital Israelita Albert Einstein, em S\u00e3o Paulo.<\/p>\n<figure class=\"wp-block-image size-large\"><picture><source srcset=\"https:\/\/midiamax.uol.com.br\/wp-content\/uploads\/2023\/03\/jovens-surtam-1024x576.jpg.webp 1024w, https:\/\/midiamax.uol.com.br\/wp-content\/uploads\/2023\/03\/jovens-surtam-300x169.jpg.webp 300w, https:\/\/midiamax.uol.com.br\/wp-content\/uploads\/2023\/03\/jovens-surtam-768x432.jpg.webp 768w, https:\/\/midiamax.uol.com.br\/wp-content\/uploads\/2023\/03\/jovens-surtam-1536x864.jpg.webp 1536w, https:\/\/midiamax.uol.com.br\/wp-content\/uploads\/2023\/03\/jovens-surtam-150x84.jpg.webp 150w, https:\/\/midiamax.uol.com.br\/wp-content\/uploads\/2023\/03\/jovens-surtam.jpg.webp 1920w\" type=\"image\/webp\" sizes=\"(max-width: 1024px) 100vw, 1024px\" \/><img loading=\"lazy\" decoding=\"async\" class=\"wp-image-1472744\" src=\"https:\/\/midiamax.uol.com.br\/wp-content\/uploads\/2023\/03\/jovens-surtam-1024x576.jpg\" sizes=\"auto, (max-width: 1024px) 100vw, 1024px\" srcset=\"https:\/\/midiamax.uol.com.br\/wp-content\/uploads\/2023\/03\/jovens-surtam-1024x576.jpg 1024w, https:\/\/midiamax.uol.com.br\/wp-content\/uploads\/2023\/03\/jovens-surtam-300x169.jpg 300w, https:\/\/midiamax.uol.com.br\/wp-content\/uploads\/2023\/03\/jovens-surtam-768x432.jpg 768w, https:\/\/midiamax.uol.com.br\/wp-content\/uploads\/2023\/03\/jovens-surtam-1536x864.jpg 1536w, https:\/\/midiamax.uol.com.br\/wp-content\/uploads\/2023\/03\/jovens-surtam-150x84.jpg 150w, https:\/\/midiamax.uol.com.br\/wp-content\/uploads\/2023\/03\/jovens-surtam.jpg 1920w\" alt=\"covid-19\" width=\"1024\" height=\"576\" data-eio=\"p\" \/><\/picture><figcaption><em>Jovens come\u00e7aram a vasculhar as redes atr\u00e1s de evid\u00eancias (Foto: Reprodu\u00e7\u00e3o\/Redes Sociais)<\/em><\/figcaption><\/figure>\n<p>Depois, indo mais afundo na investiga\u00e7\u00e3o, internautas descobriram que a &#8216;poss\u00edvel infectada&#8217; ainda compareceu a uma festa de formatura na Valley, em Campo Grande. Surto instaurado. Devido \u00e0 repercuss\u00e3o, o estudante se pronunciou e afirmou que a namorada n\u00e3o foi infectada.<\/p>\n<p>&#8220;Minha namorada n\u00e3o est\u00e1 com coronav\u00edrus. Eu pedi para ela fazer o exame s\u00f3 porque o meu [exame] deu positivo&#8221;, disse, na \u00e9poca. Mas a afirma\u00e7\u00e3o caiu por terra pouco mais de 24h depois.<\/p>\n<h2 id=\"h-quem-foram-os-primeiros-confirmados-em-ms\">Quem foram os primeiros confirmados em MS?<\/h2>\n<p>A SES (Secretaria de Estado de Sa\u00fade) confirmou no dia seguinte ao &#8216;surto&#8217; que a jovem de 23 anos estava sim contaminada com a covid-19. Ela procurou a UPA (Unidade de Pronto Atendimento) Leblon no dia 12 de mar\u00e7o de 2020.<\/p>\n<p>Ela e um homem de 31 anos, que esteve na UPA Coronel Antonino, tamb\u00e9m no dia 12, foram os primeiros casos confirmados em MS. O homem havia chegado de Londres e manteve contato com um caso positivo em S\u00e3o Paulo.<\/p>\n<p>Na mesma data, a SES havia descartado mais 13 casos suspeitos da doen\u00e7a, totalizando 29 casos descartados. A primeiras not\u00edcias mais fortes sobre a circula\u00e7\u00e3o do coronav\u00edrus come\u00e7aram a surgir entre novembro e dezembro nos notici\u00e1rios internacionais.<\/p>\n<p>Naquela \u00e9poca, foi criado o COE\/MS (Centro de Opera\u00e7\u00f5es de Emerg\u00eancia) com o objetivo de auxiliar na defini\u00e7\u00e3o de diretrizes estaduais para vigil\u00e2ncia, preven\u00e7\u00e3o e controle, bem como o acompanhamento e avalia\u00e7\u00e3o das a\u00e7\u00f5es desenvolvidas pelo Governo do Estado diante do coronav\u00edrus.<\/p>\n<p>Em MS, desde o dia 25 de janeiro de 2020 come\u00e7am as notifica\u00e7\u00f5es dos casos que poderiam ser de covid-19. Apesar da narrativa hollywoodiana, a pandemia foi instaurada e at\u00e9 o momento j\u00e1 vitimou 11.016 pessoas. J\u00e1 foram 607.776 casos confirmados desde 2020, segundo \u00faltimo boletim divulgado pela SES.<\/p>\n<figure class=\"wp-block-image size-large\"><picture><source srcset=\"https:\/\/midiamax.uol.com.br\/wp-content\/uploads\/2022\/06\/leito-santa-casa-ha-1024x576.jpg.webp 1024w, https:\/\/midiamax.uol.com.br\/wp-content\/uploads\/2022\/06\/leito-santa-casa-ha-300x169.jpg.webp 300w, https:\/\/midiamax.uol.com.br\/wp-content\/uploads\/2022\/06\/leito-santa-casa-ha-768x432.jpg.webp 768w, https:\/\/midiamax.uol.com.br\/wp-content\/uploads\/2022\/06\/leito-santa-casa-ha.jpg 1200w\" type=\"image\/webp\" sizes=\"(max-width: 1024px) 100vw, 1024px\" \/><img loading=\"lazy\" decoding=\"async\" class=\"wp-image-1093176\" src=\"https:\/\/midiamax.uol.com.br\/wp-content\/uploads\/2022\/06\/leito-santa-casa-ha-1024x576.jpg\" sizes=\"auto, (max-width: 1024px) 100vw, 1024px\" srcset=\"https:\/\/midiamax.uol.com.br\/wp-content\/uploads\/2022\/06\/leito-santa-casa-ha-1024x576.jpg 1024w, https:\/\/midiamax.uol.com.br\/wp-content\/uploads\/2022\/06\/leito-santa-casa-ha-300x169.jpg 300w, https:\/\/midiamax.uol.com.br\/wp-content\/uploads\/2022\/06\/leito-santa-casa-ha-768x432.jpg 768w, https:\/\/midiamax.uol.com.br\/wp-content\/uploads\/2022\/06\/leito-santa-casa-ha.jpg 1200w\" alt=\"m\u00e9dicos covid-19\" width=\"1024\" height=\"576\" data-eio=\"p\" \/><\/picture><figcaption><em>Leito de Covid-19 na Santa Casa (Foto: Henrique Arakaki | Jornal Midiamax)<\/em><\/figcaption><\/figure>\n<h2>Alerta de casos de covid-19<\/h2>\n<p>Nas \u00faltimas tr\u00eas semanas, o n\u00famero de pessoas hospitalizadas por covid-19 em MS mais que dobrou e reacendeu alerta para o avan\u00e7o da doen\u00e7a. De acordo com a Fiocruz (Funda\u00e7\u00e3o Oswaldo Cruz), o Estado foi um dos cinco do Pa\u00eds que apresentaram aumento no \u00edndice de interna\u00e7\u00f5es.<\/p>\n<p>An\u00e1lise dos \u00faltimos boletins epidemiol\u00f3gicos da SES (Secretaria de Estado de Sa\u00fade) comprovam a realidade. No dia 21 de fevereiro, por exemplo, eram apenas oito interna\u00e7\u00f5es por covid-19 no Estado, cinco delas, em unidades p\u00fablicas de sa\u00fade. Do total, tr\u00eas pacientes ocupavam leitos de UTI (Unidade de Terapia Intensiva).<\/p>\n<p>Uma semana depois, novo balan\u00e7o j\u00e1 listava 14 hospitalizados, quase o dobro que sete dias antes. Do total, 10 permaneciam em leitos cl\u00ednicos e o restante recebendo atendimento em UTI, novamente, a maioria, 11 ao todo, estava em unidade de sa\u00fade p\u00fablica.<\/p>\n<p>Por fim, \u00faltimo boletim divulgado pela SES, em 7 de mar\u00e7o, manteve a linha de eleva\u00e7\u00e3o, com registro de 18 interna\u00e7\u00f5es em Mato Grosso do Sul, mais que o dobro do que duas semanas antes.<\/p>\n<\/div>\n<\/div>\n<p>&nbsp;<\/p>\n<p>&nbsp;<\/p>\n<p>Fonte: Midiamax &#8211; F\u00e1bio Oru\u00ea<\/p>\n","protected":false},"excerpt":{"rendered":"<p>O rel\u00f3gio marcava 15h20 de um s\u00e1bado, 14 de mar\u00e7o de 2020, quando veio a confirma\u00e7\u00e3o que o temido e desconhecido coronav\u00edrus chegara em Mato Grosso do Sul. Um homem e uma mulher, que procuraram unidades p\u00fablicas de sa\u00fade em Campo Grande, eram os precursores dessa saga que, ap\u00f3s 3 longos anos, aparentemente, j\u00e1 vive [&hellip;]<\/p>\n","protected":false},"author":5,"featured_media":167207,"comment_status":"closed","ping_status":"closed","sticky":false,"template":"","format":"standard","meta":{"footnotes":""},"categories":[39],"tags":[],"class_list":["post-234116","post","type-post","status-publish","format-standard","has-post-thumbnail","hentry","category-saude"],"_links":{"self":[{"href":"https:\/\/www.ocorreionews.com.br\/acervo-correio\/index.php?rest_route=\/wp\/v2\/posts\/234116","targetHints":{"allow":["GET"]}}],"collection":[{"href":"https:\/\/www.ocorreionews.com.br\/acervo-correio\/index.php?rest_route=\/wp\/v2\/posts"}],"about":[{"href":"https:\/\/www.ocorreionews.com.br\/acervo-correio\/index.php?rest_route=\/wp\/v2\/types\/post"}],"author":[{"embeddable":true,"href":"https:\/\/www.ocorreionews.com.br\/acervo-correio\/index.php?rest_route=\/wp\/v2\/users\/5"}],"replies":[{"embeddable":true,"href":"https:\/\/www.ocorreionews.com.br\/acervo-correio\/index.php?rest_route=%2Fwp%2Fv2%2Fcomments&post=234116"}],"version-history":[{"count":1,"href":"https:\/\/www.ocorreionews.com.br\/acervo-correio\/index.php?rest_route=\/wp\/v2\/posts\/234116\/revisions"}],"predecessor-version":[{"id":234117,"href":"https:\/\/www.ocorreionews.com.br\/acervo-correio\/index.php?rest_route=\/wp\/v2\/posts\/234116\/revisions\/234117"}],"wp:featuredmedia":[{"embeddable":true,"href":"https:\/\/www.ocorreionews.com.br\/acervo-correio\/index.php?rest_route=\/wp\/v2\/media\/167207"}],"wp:attachment":[{"href":"https:\/\/www.ocorreionews.com.br\/acervo-correio\/index.php?rest_route=%2Fwp%2Fv2%2Fmedia&parent=234116"}],"wp:term":[{"taxonomy":"category","embeddable":true,"href":"https:\/\/www.ocorreionews.com.br\/acervo-correio\/index.php?rest_route=%2Fwp%2Fv2%2Fcategories&post=234116"},{"taxonomy":"post_tag","embeddable":true,"href":"https:\/\/www.ocorreionews.com.br\/acervo-correio\/index.php?rest_route=%2Fwp%2Fv2%2Ftags&post=234116"}],"curies":[{"name":"wp","href":"https:\/\/api.w.org\/{rel}","templated":true}]}}