{"id":23414,"date":"2016-03-22T09:38:40","date_gmt":"2016-03-22T13:38:40","guid":{"rendered":"https:\/\/ocorreionews.com.br\/?p=23414"},"modified":"2016-03-22T09:38:40","modified_gmt":"2016-03-22T13:38:40","slug":"prefeitura-de-paraiso-realiza-baile-da-melhor-idade-neste-de-domingo","status":"publish","type":"post","link":"https:\/\/www.ocorreionews.com.br\/acervo-correio\/?p=23414","title":{"rendered":"Prefeitura de Para\u00edso realiza baile da Melhor Idade neste de domingo"},"content":{"rendered":"<p>A Prefeitura Municipal de Para\u00edso das \u00c1guas atrav\u00e9s da Secretaria Municipal de Assist\u00eancia Social \u00a0estar\u00e1 realizando no pr\u00f3ximo domingo, dia 27 de mar\u00e7o o Baile da Melhor Idade.<\/p>\n<p>O evento acontecer\u00e1 no Mercado do Produtor das 17 \u00e0s 21 horas e a anima\u00e7\u00e3o do baile ficar\u00e1 por conta do grupo Sociedade Baileira, da cidade de Costa Rica que promete \u00a0muita divers\u00e3o e alegria para os presentes.<\/p>\n<p>Vale lembrar que a entrada \u00e9 gratuita e toda a popula\u00e7\u00e3o maior de 18 anos de idade est\u00e1 convidada a prestigiar o evento.<\/p>\n<p>&nbsp;<\/p>\n<p>&nbsp;<\/p>\n<p>&nbsp;<\/p>\n<p>Texto: Daniela Loss\u00e1vero<\/p>\n","protected":false},"excerpt":{"rendered":"<p>A Prefeitura Municipal de Para\u00edso das \u00c1guas atrav\u00e9s da Secretaria Municipal de Assist\u00eancia Social \u00a0estar\u00e1 realizando no pr\u00f3ximo domingo, dia 27 de mar\u00e7o o Baile da Melhor Idade. O evento acontecer\u00e1 no Mercado do Produtor das 17 \u00e0s 21 horas e a anima\u00e7\u00e3o do baile ficar\u00e1 por conta do grupo Sociedade Baileira, da cidade de [&hellip;]<\/p>\n","protected":false},"author":4,"featured_media":23415,"comment_status":"closed","ping_status":"closed","sticky":false,"template":"","format":"standard","meta":{"footnotes":""},"categories":[36],"tags":[],"class_list":["post-23414","post","type-post","status-publish","format-standard","has-post-thumbnail","hentry","category-paraiso-das-aguas"],"_links":{"self":[{"href":"https:\/\/www.ocorreionews.com.br\/acervo-correio\/index.php?rest_route=\/wp\/v2\/posts\/23414","targetHints":{"allow":["GET"]}}],"collection":[{"href":"https:\/\/www.ocorreionews.com.br\/acervo-correio\/index.php?rest_route=\/wp\/v2\/posts"}],"about":[{"href":"https:\/\/www.ocorreionews.com.br\/acervo-correio\/index.php?rest_route=\/wp\/v2\/types\/post"}],"author":[{"embeddable":true,"href":"https:\/\/www.ocorreionews.com.br\/acervo-correio\/index.php?rest_route=\/wp\/v2\/users\/4"}],"replies":[{"embeddable":true,"href":"https:\/\/www.ocorreionews.com.br\/acervo-correio\/index.php?rest_route=%2Fwp%2Fv2%2Fcomments&post=23414"}],"version-history":[{"count":0,"href":"https:\/\/www.ocorreionews.com.br\/acervo-correio\/index.php?rest_route=\/wp\/v2\/posts\/23414\/revisions"}],"wp:featuredmedia":[{"embeddable":true,"href":"https:\/\/www.ocorreionews.com.br\/acervo-correio\/index.php?rest_route=\/wp\/v2\/media\/23415"}],"wp:attachment":[{"href":"https:\/\/www.ocorreionews.com.br\/acervo-correio\/index.php?rest_route=%2Fwp%2Fv2%2Fmedia&parent=23414"}],"wp:term":[{"taxonomy":"category","embeddable":true,"href":"https:\/\/www.ocorreionews.com.br\/acervo-correio\/index.php?rest_route=%2Fwp%2Fv2%2Fcategories&post=23414"},{"taxonomy":"post_tag","embeddable":true,"href":"https:\/\/www.ocorreionews.com.br\/acervo-correio\/index.php?rest_route=%2Fwp%2Fv2%2Ftags&post=23414"}],"curies":[{"name":"wp","href":"https:\/\/api.w.org\/{rel}","templated":true}]}}