{"id":234182,"date":"2023-03-14T18:49:58","date_gmt":"2023-03-14T22:49:58","guid":{"rendered":"https:\/\/www.ocorreionews.com.br\/acervo-correio\/?p=234182"},"modified":"2023-03-14T19:03:00","modified_gmt":"2023-03-14T23:03:00","slug":"homem-suspeito-de-estrupo-e-gravemente-ferido-por-grupo-dois-foram-presos-em-acao-conjunta-das-policias-de-costa-rica","status":"publish","type":"post","link":"https:\/\/www.ocorreionews.com.br\/acervo-correio\/?p=234182","title":{"rendered":"Homem suspeito de estupro \u00e9 gravemente ferido a facadas. Dois suspeitos foram presos em a\u00e7\u00e3o conjunta das policias de Costa Rica"},"content":{"rendered":"<p>Em uma a\u00e7\u00e3o conjunta entra das policia Civil e Militar de Costa Rica, prendeu um jovem de 18 anos e apreendeu um adolescente de 17, por tentativa de homic\u00eddio na madrugada desta ter\u00e7a-feira (14). Um terceiro envolvido de 41 anos est\u00e1 foragido.<\/p>\n<p>Segundo informa\u00e7\u00f5es do Boletim de Ocorr\u00eancia, os policiais foram acionados, ap\u00f3s um homem de 49 anos da entrada na Funda\u00e7\u00e3o Hospitalar, gravemente feridos por v\u00e1rias facadas e uma fratura exposta em um dos membros e ter que ser encaminhado para Campo Grande em vaga Zero devido seu estado de sa\u00fade.<\/p>\n<p>Com gravidade do caso, foi montada uma a\u00e7\u00e3o conjunta entre as policias, na tentativa de localizar os autores da tentativa de homic\u00eddio.<\/p>\n<p>Durante as diligencias, uma mulher contou aos policiais que foi at\u00e9 uma casa que vizinho onde a vitima morava, buscar um carregador de celular, no local a vitima estava l\u00e1. Passado um tempo os tr\u00eas autores chegaram no local armados com facas que come\u00e7aram uma luta com a vitima, que segunda a testemunha ele se encontrava embriagado e alterado. Os autores s\u00e3o marido, filho e amigo do filho da mulher (testemunha) que afirmou aos militares que a\u00e7\u00e3o seria por ci\u00fames.<\/p>\n<p>A vitima foi socorrida e levada por terceiros at\u00e9 o hospital.<\/p>\n<p>Os policiais com as informa\u00e7\u00f5es sa\u00edram em diligencias para capturarem os envolvidos na tentativa de assassinato, tendo \u00eaxito em localizar os rapazes de 17 e 18 anos.<\/p>\n<p>Em depoimentos ambos afirmaram que se trata de uma retalia\u00e7\u00e3o, uma vez que a v\u00edtima j\u00e1 possu\u00ed passagens por estupro, e, al\u00e9m disso, a v\u00edtima ele tamb\u00e9m teria \u201cmexido\u201d com seu irm\u00e3ozinho e irm\u00e3 de um dos Autores.<\/p>\n<p>As facas utilizadas nos crimes foram apreendidas e agora os policiais est\u00e3o em busca do terceiros envolvido na tentativa de homic\u00eddio, o homem de 41 anos.<\/p>\n<p>Caber\u00e1 ao Setor de Investiga\u00e7\u00e3o da Pol\u00edcia Civil investigar as graves acusa\u00e7\u00f5es contra o homem que foi esfaqueado, e tamb\u00e9m na localiza\u00e7\u00e3o do terceiro envolvido no crime.<\/p>\n<figure id=\"attachment_234180\" aria-describedby=\"caption-attachment-234180\" style=\"width: 1600px\" class=\"wp-caption alignnone\"><a href=\"https:\/\/www.ocorreionews.com.br\/acervo-correio\/wp-content\/uploads\/2023\/03\/objetos-do-crime.jpg\"><img loading=\"lazy\" decoding=\"async\" class=\"size-full wp-image-234180\" src=\"https:\/\/www.ocorreionews.com.br\/acervo-correio\/wp-content\/uploads\/2023\/03\/objetos-do-crime.jpg\" alt=\"\" width=\"1600\" height=\"1200\" srcset=\"https:\/\/www.ocorreionews.com.br\/acervo-correio\/wp-content\/uploads\/2023\/03\/objetos-do-crime.jpg 1600w, https:\/\/www.ocorreionews.com.br\/acervo-correio\/wp-content\/uploads\/2023\/03\/objetos-do-crime-300x225.jpg 300w, https:\/\/www.ocorreionews.com.br\/acervo-correio\/wp-content\/uploads\/2023\/03\/objetos-do-crime-1024x768.jpg 1024w, https:\/\/www.ocorreionews.com.br\/acervo-correio\/wp-content\/uploads\/2023\/03\/objetos-do-crime-768x576.jpg 768w, https:\/\/www.ocorreionews.com.br\/acervo-correio\/wp-content\/uploads\/2023\/03\/objetos-do-crime-1536x1152.jpg 1536w, https:\/\/www.ocorreionews.com.br\/acervo-correio\/wp-content\/uploads\/2023\/03\/objetos-do-crime-86x64.jpg 86w\" sizes=\"auto, (max-width: 1600px) 100vw, 1600px\" \/><\/a><figcaption id=\"caption-attachment-234180\" class=\"wp-caption-text\">Armas utilizadas no crime. (Foto Divulga\u00e7\u00e3o Policia Militar)<\/figcaption><\/figure>\n<p>&nbsp;<\/p>\n","protected":false},"excerpt":{"rendered":"<p>Em uma a\u00e7\u00e3o conjunta entra das policia Civil e Militar de Costa Rica, prendeu um jovem de 18 anos e apreendeu um adolescente de 17, por tentativa de homic\u00eddio na madrugada desta ter\u00e7a-feira (14). Um terceiro envolvido de 41 anos est\u00e1 foragido. Segundo informa\u00e7\u00f5es do Boletim de Ocorr\u00eancia, os policiais foram acionados, ap\u00f3s um homem [&hellip;]<\/p>\n","protected":false},"author":5,"featured_media":234183,"comment_status":"closed","ping_status":"closed","sticky":false,"template":"","format":"standard","meta":{"footnotes":""},"categories":[25,41,38],"tags":[],"class_list":["post-234182","post","type-post","status-publish","format-standard","has-post-thumbnail","hentry","category-costa-rica","category-destaque","category-policia"],"_links":{"self":[{"href":"https:\/\/www.ocorreionews.com.br\/acervo-correio\/index.php?rest_route=\/wp\/v2\/posts\/234182","targetHints":{"allow":["GET"]}}],"collection":[{"href":"https:\/\/www.ocorreionews.com.br\/acervo-correio\/index.php?rest_route=\/wp\/v2\/posts"}],"about":[{"href":"https:\/\/www.ocorreionews.com.br\/acervo-correio\/index.php?rest_route=\/wp\/v2\/types\/post"}],"author":[{"embeddable":true,"href":"https:\/\/www.ocorreionews.com.br\/acervo-correio\/index.php?rest_route=\/wp\/v2\/users\/5"}],"replies":[{"embeddable":true,"href":"https:\/\/www.ocorreionews.com.br\/acervo-correio\/index.php?rest_route=%2Fwp%2Fv2%2Fcomments&post=234182"}],"version-history":[{"count":1,"href":"https:\/\/www.ocorreionews.com.br\/acervo-correio\/index.php?rest_route=\/wp\/v2\/posts\/234182\/revisions"}],"predecessor-version":[{"id":234187,"href":"https:\/\/www.ocorreionews.com.br\/acervo-correio\/index.php?rest_route=\/wp\/v2\/posts\/234182\/revisions\/234187"}],"wp:featuredmedia":[{"embeddable":true,"href":"https:\/\/www.ocorreionews.com.br\/acervo-correio\/index.php?rest_route=\/wp\/v2\/media\/234183"}],"wp:attachment":[{"href":"https:\/\/www.ocorreionews.com.br\/acervo-correio\/index.php?rest_route=%2Fwp%2Fv2%2Fmedia&parent=234182"}],"wp:term":[{"taxonomy":"category","embeddable":true,"href":"https:\/\/www.ocorreionews.com.br\/acervo-correio\/index.php?rest_route=%2Fwp%2Fv2%2Fcategories&post=234182"},{"taxonomy":"post_tag","embeddable":true,"href":"https:\/\/www.ocorreionews.com.br\/acervo-correio\/index.php?rest_route=%2Fwp%2Fv2%2Ftags&post=234182"}],"curies":[{"name":"wp","href":"https:\/\/api.w.org\/{rel}","templated":true}]}}