{"id":234193,"date":"2023-03-14T20:22:45","date_gmt":"2023-03-15T00:22:45","guid":{"rendered":"https:\/\/www.ocorreionews.com.br\/acervo-correio\/?p=234193"},"modified":"2023-03-14T20:22:45","modified_gmt":"2023-03-15T00:22:45","slug":"tecnoagro-2023-vereadores-representam-paraiso-das-aguas-no-evento","status":"publish","type":"post","link":"https:\/\/www.ocorreionews.com.br\/acervo-correio\/?p=234193","title":{"rendered":"Tecnoagro 2023: Vereadores representam Para\u00edso das \u00c1guas no evento"},"content":{"rendered":"<p>Na manh\u00e3 desta ter\u00e7a-feira(14) foi realizada a abertura oficial do Tecnoagro 2023, evento que acontece at\u00e9 o dia 16 de mar\u00e7o, com uma vasta programa\u00e7\u00e3o na esfera do agroneg\u00f3cio.<\/p>\n<p>Os vereadores de Para\u00edso das \u00c1guas, Professor Leonardo Corniani Dias (Prof. Leonardo\/PP) e o vereador Denivaldo Santana de Almeida (Carrerinha\/Uni\u00e3o) estiveram participando do evento, representando o Munic\u00edpio.<\/p>\n<p>A\u00a0TECNOAGRO 2023\u00a0conta com apoio das empresas parceiras, FUNDEMS, SEMADESC \u2013 Secretaria de Estado de Meio Ambiente, Desenvolvimento, Tecnologia e Inova\u00e7\u00e3o, FUNDECT, Governo do Estado de Mato Grosso do Sul, APROSOJA-MS, FAMASUL, SENAR e das C\u00e2mara de Vereadores e Prefeituras dos munic\u00edpios em que a Funda\u00e7\u00e3o Chapad\u00e3o atua.<\/p>\n<p>bnc noticias<\/p>\n","protected":false},"excerpt":{"rendered":"<p>Na manh\u00e3 desta ter\u00e7a-feira(14) foi realizada a abertura oficial do Tecnoagro 2023, evento que acontece at\u00e9 o dia 16 de mar\u00e7o, com uma vasta programa\u00e7\u00e3o na esfera do agroneg\u00f3cio. Os vereadores de Para\u00edso das \u00c1guas, Professor Leonardo Corniani Dias (Prof. Leonardo\/PP) e o vereador Denivaldo Santana de Almeida (Carrerinha\/Uni\u00e3o) estiveram participando do evento, representando o [&hellip;]<\/p>\n","protected":false},"author":4,"featured_media":234194,"comment_status":"closed","ping_status":"closed","sticky":false,"template":"","format":"standard","meta":{"footnotes":""},"categories":[20,36],"tags":[],"class_list":["post-234193","post","type-post","status-publish","format-standard","has-post-thumbnail","hentry","category-camara-municipal","category-paraiso-das-aguas"],"_links":{"self":[{"href":"https:\/\/www.ocorreionews.com.br\/acervo-correio\/index.php?rest_route=\/wp\/v2\/posts\/234193","targetHints":{"allow":["GET"]}}],"collection":[{"href":"https:\/\/www.ocorreionews.com.br\/acervo-correio\/index.php?rest_route=\/wp\/v2\/posts"}],"about":[{"href":"https:\/\/www.ocorreionews.com.br\/acervo-correio\/index.php?rest_route=\/wp\/v2\/types\/post"}],"author":[{"embeddable":true,"href":"https:\/\/www.ocorreionews.com.br\/acervo-correio\/index.php?rest_route=\/wp\/v2\/users\/4"}],"replies":[{"embeddable":true,"href":"https:\/\/www.ocorreionews.com.br\/acervo-correio\/index.php?rest_route=%2Fwp%2Fv2%2Fcomments&post=234193"}],"version-history":[{"count":1,"href":"https:\/\/www.ocorreionews.com.br\/acervo-correio\/index.php?rest_route=\/wp\/v2\/posts\/234193\/revisions"}],"predecessor-version":[{"id":234195,"href":"https:\/\/www.ocorreionews.com.br\/acervo-correio\/index.php?rest_route=\/wp\/v2\/posts\/234193\/revisions\/234195"}],"wp:featuredmedia":[{"embeddable":true,"href":"https:\/\/www.ocorreionews.com.br\/acervo-correio\/index.php?rest_route=\/wp\/v2\/media\/234194"}],"wp:attachment":[{"href":"https:\/\/www.ocorreionews.com.br\/acervo-correio\/index.php?rest_route=%2Fwp%2Fv2%2Fmedia&parent=234193"}],"wp:term":[{"taxonomy":"category","embeddable":true,"href":"https:\/\/www.ocorreionews.com.br\/acervo-correio\/index.php?rest_route=%2Fwp%2Fv2%2Fcategories&post=234193"},{"taxonomy":"post_tag","embeddable":true,"href":"https:\/\/www.ocorreionews.com.br\/acervo-correio\/index.php?rest_route=%2Fwp%2Fv2%2Ftags&post=234193"}],"curies":[{"name":"wp","href":"https:\/\/api.w.org\/{rel}","templated":true}]}}