{"id":23420,"date":"2016-03-22T10:07:21","date_gmt":"2016-03-22T14:07:21","guid":{"rendered":"https:\/\/ocorreionews.com.br\/?p=23420"},"modified":"2016-03-22T11:50:58","modified_gmt":"2016-03-22T15:50:58","slug":"programacao-da-semana-santa-da-igreja-catolica-de-chapadao-do-sul","status":"publish","type":"post","link":"https:\/\/www.ocorreionews.com.br\/acervo-correio\/?p=23420","title":{"rendered":"Programa\u00e7\u00e3o da Semana Santa da igreja cat\u00f3lica de Chapad\u00e3o do Sul"},"content":{"rendered":"<p>A Igreja Cat\u00f3lica quer celebrar a Semana Santa como uma forma de refletir os Mist\u00e9rios da Paix\u00e3o, Morte e Ressurrei\u00e7\u00e3o de Jesus Cristo para poder entender os sofrimentos da humanidade.<\/p>\n<p>A Campanha deste ano tem como tema \u201cCasa comum, nossa responsabilidade\u201d e lema \u201cQuero ver o direito brotar como fonte e correr a justi\u00e7a qual riacho que n\u00e3o seca\u201d, Am\u00f3s 5,24.<\/p>\n<p>Al\u00e9m disso, a Semana Santa de 2016 tem como objetivo assegurar o direito ao saneamento b\u00e1sico para todas as pessoas e lutar por pol\u00edticas p\u00fablicas e atitudes respons\u00e1veis que garantam a integridade e o futuro da Casa Comum unindo as igrejas e as diferentes express\u00f5es religiosas com pessoas de boa vontade na busca por justi\u00e7a.<\/p>\n<p>A programa\u00e7\u00e3o da Semana Santa de Chapad\u00e3o do Sul (MS) come\u00e7ou ainda nesse domingo, 20 e ir\u00e1 at\u00e9 dia 27, Domingo da Ressurrei\u00e7\u00e3o.<\/p>\n<p>No Domingo de Ramos, 20, teve Ben\u00e7\u00e3o de Ramos na Pra\u00e7a de Eventos e Missa nas Capelas da cidade. Na segunda-feira, 21, teve missa com a un\u00e7\u00e3o dos enfermos e dos idosos \u00e0s 15h e \u00e0s 17h, na Capela S\u00e3o Francisco.<\/p>\n<p>Na ter\u00e7a-feira, ter\u00e1 Celebra\u00e7\u00e3o da Palavra na Matriz e reflex\u00e3o das sete dores de Maria, \u00e0s 19h. Na quarta-feira (23), haver\u00e1 confiss\u00f5es na Matriz, das 15h \u00e0s 18h, e \u00e0s 19h, haver\u00e1 Celebra\u00e7\u00e3o da Santa Missa com todas as pastorais da Par\u00f3quia.<\/p>\n<p>J\u00e1 no Tr\u00edduo Pascal, a programa\u00e7\u00e3o \u00e9 mais intensa, confira:<\/p>\n<p><strong>24\/03 Quinta-feira Santa<\/strong><\/p>\n<p>Institui\u00e7\u00e3o do Sacerd\u00f3cio e da Eucaristia, Novo Testamento.<\/p>\n<p>19h \u2013 Missa na Matriz e a institui\u00e7\u00e3o da Eucaristia com participa\u00e7\u00e3o dos Ministros Extraordin\u00e1rios da Comunh\u00e3o. Participa\u00e7\u00e3o especial da juventude \u2013\u00a0 B\u00ean\u00e7\u00e3o do Sant\u00edssimo Sacramento e adora\u00e7\u00e3o at\u00e9 \u00e0s 00h. A escala de adora\u00e7\u00e3o ser\u00e1 por pastorais. Haver\u00e1 atendimento de Confiss\u00f5es.<\/p>\n<p><strong>25\/03 Sexta-feira Santa Matriz<\/strong><\/p>\n<p>Dia de Sil\u00eancio, Ora\u00e7\u00e3o, Jejum e Abstin\u00eancia de Carne.<\/p>\n<p>5h \u2013 Caminhada Penitencial do povo de Deus com sa\u00edda da Matriz at\u00e9 a Capela Nossa Senhora de F\u00e1tima.<\/p>\n<p>15h \u2013 A\u00e7\u00e3o Lit\u00fargica e beijo na Cruz na Matriz.<\/p>\n<p>19h \u2013 Serm\u00e3o da Sete Palavras de Jesus e Prociss\u00e3o do enterro \u2013 caminhada penitencial<\/p>\n<div class=\"banner-single\"><strong>26\/03 \u2013 S\u00e1bado Santo<\/strong><\/div>\n<p>Aleluia, Aleluia, Aleluia<\/p>\n<p>5h \u2013 Ora\u00e7\u00e3o da manh\u00e3 e visita ao cemit\u00e9rio.<\/p>\n<p>18h30min \u2013 Vig\u00edlia Pascal na Matriz. Ben\u00e7\u00e3o do Fogo Novo, Liturgia da Palavra, Renova\u00e7\u00e3o da Promessa Batismal e Comunh\u00e3o.<\/p>\n<p>18h30min \u2013 Vig\u00edlia Pascal na Capela S\u00e3o Francisco. Ben\u00e7\u00e3o do Fogo Novo, Liturgia da Palavra, Renova\u00e7\u00e3o da Promessa Batismal e Comunh\u00e3o.<\/p>\n<p><strong>27\/03 \u2013 Domingo da Ressurrei\u00e7\u00e3o<\/strong><\/p>\n<p>Participa\u00e7\u00e3o de toda a comunidade.<\/p>\n<p>7h \u2013 Missa de P\u00e1scoa na Matriz<\/p>\n<p>8h30min \u2013 Missa de P\u00e1scoa na Capela S\u00e3o Francisco<\/p>\n<p>10h \u2013 Missa de P\u00e1scoa na Capela Nossa Senhora Aparecida<\/p>\n<p>17h \u2013 Missa de P\u00e1scoa na Capela Nossa Senhora de F\u00e1tima<\/p>\n<p>19h \u2013 Missa de P\u00e1scoa na Matriz<\/p>\n<p>Confira a mensagem dos Padres Marc\u00edlio Lima Lira e Ant\u00f4nio Maur\u00edlio de Freitas:<\/p>\n<p><em>Fa\u00e7a desta P\u00e1scoa, a tua P\u00e1scoa, Fa\u00e7a desta ressurrei\u00e7\u00e3o, tua ressurrei\u00e7\u00e3o. Nunca se entregue , pois \u00e9 somente a cada adversidade que poderemos vislumbrar uma nova oportunidade. Que o seu cora\u00e7\u00e3o esteja em P\u00e1scoa. P\u00e1scoa consci\u00eancia, P\u00e1scoa vida, P\u00e1scoa fam\u00edlia e p\u00e1scoa consigo mesmo. Feliz P\u00e1scoa!<\/em><\/p>\n<p>&nbsp;<\/p>\n<p>&nbsp;<\/p>\n<p>&nbsp;<\/p>\n<p><em>Jovemsulnews <\/em><\/p>\n","protected":false},"excerpt":{"rendered":"<p>A Igreja Cat\u00f3lica quer celebrar a Semana Santa como uma forma de refletir os Mist\u00e9rios da Paix\u00e3o, Morte e Ressurrei\u00e7\u00e3o de Jesus Cristo para poder entender os sofrimentos da humanidade. A Campanha deste ano tem como tema \u201cCasa comum, nossa responsabilidade\u201d e lema \u201cQuero ver o direito brotar como fonte e correr a justi\u00e7a qual [&hellip;]<\/p>\n","protected":false},"author":4,"featured_media":23422,"comment_status":"closed","ping_status":"closed","sticky":false,"template":"","format":"standard","meta":{"footnotes":""},"categories":[23],"tags":[],"class_list":["post-23420","post","type-post","status-publish","format-standard","has-post-thumbnail","hentry","category-chapadao-do-sul"],"_links":{"self":[{"href":"https:\/\/www.ocorreionews.com.br\/acervo-correio\/index.php?rest_route=\/wp\/v2\/posts\/23420","targetHints":{"allow":["GET"]}}],"collection":[{"href":"https:\/\/www.ocorreionews.com.br\/acervo-correio\/index.php?rest_route=\/wp\/v2\/posts"}],"about":[{"href":"https:\/\/www.ocorreionews.com.br\/acervo-correio\/index.php?rest_route=\/wp\/v2\/types\/post"}],"author":[{"embeddable":true,"href":"https:\/\/www.ocorreionews.com.br\/acervo-correio\/index.php?rest_route=\/wp\/v2\/users\/4"}],"replies":[{"embeddable":true,"href":"https:\/\/www.ocorreionews.com.br\/acervo-correio\/index.php?rest_route=%2Fwp%2Fv2%2Fcomments&post=23420"}],"version-history":[{"count":0,"href":"https:\/\/www.ocorreionews.com.br\/acervo-correio\/index.php?rest_route=\/wp\/v2\/posts\/23420\/revisions"}],"wp:featuredmedia":[{"embeddable":true,"href":"https:\/\/www.ocorreionews.com.br\/acervo-correio\/index.php?rest_route=\/wp\/v2\/media\/23422"}],"wp:attachment":[{"href":"https:\/\/www.ocorreionews.com.br\/acervo-correio\/index.php?rest_route=%2Fwp%2Fv2%2Fmedia&parent=23420"}],"wp:term":[{"taxonomy":"category","embeddable":true,"href":"https:\/\/www.ocorreionews.com.br\/acervo-correio\/index.php?rest_route=%2Fwp%2Fv2%2Fcategories&post=23420"},{"taxonomy":"post_tag","embeddable":true,"href":"https:\/\/www.ocorreionews.com.br\/acervo-correio\/index.php?rest_route=%2Fwp%2Fv2%2Ftags&post=23420"}],"curies":[{"name":"wp","href":"https:\/\/api.w.org\/{rel}","templated":true}]}}