{"id":234204,"date":"2023-03-15T06:35:06","date_gmt":"2023-03-15T10:35:06","guid":{"rendered":"https:\/\/www.ocorreionews.com.br\/acervo-correio\/?p=234204"},"modified":"2023-03-15T06:35:06","modified_gmt":"2023-03-15T10:35:06","slug":"vereadores-de-alcinopolis-aprovaram-em-sessao-extraordinaria-tres-projetos","status":"publish","type":"post","link":"https:\/\/www.ocorreionews.com.br\/acervo-correio\/?p=234204","title":{"rendered":"Vereadores de Alcin\u00f3polis aprovaram em sess\u00e3o extraordin\u00e1ria tr\u00eas projetos"},"content":{"rendered":"<p class=\"x_MsoNormal\">Ainda na manh\u00e3 do dia 13 de mar\u00e7o, os vereadores municipais reuniram-se no Plen\u00e1rio \u201cAdolfo Alves Carneiro\u201d para a realiza\u00e7\u00e3o de uma Sess\u00e3o Extraordin\u00e1ria, a terceira deste ano, para a vota\u00e7\u00e3o de tr\u00eas Projetos de Lei.<\/p>\n<p class=\"x_MsoNormal\">O primeiro a ser apreciado e votado foi o Projeto de Lei Complementar n\u00ba 001\/23, que concede reajuste salarial aos vencimentos dos servidores do quadro pr\u00f3prio do Poder Legislativo, de autoria do Legislativo Municipal.<\/p>\n<p class=\"x_MsoNormal\">Ainda de autoria do Legislativo, foi apreciado e votado o Projeto de Lei n\u00ba 001\/23, que disp\u00f5e sobre a institui\u00e7\u00e3o de verba indenizat\u00f3ria para a manuten\u00e7\u00e3o e apoio aos gabinetes.<\/p>\n<p class=\"x_MsoNormal\">E de autoria do Executivo Municipal, o Projeto apreciado e votado foi o de Lei n\u00ba 005\/23, que institui o Programa de Recupera\u00e7\u00e3o Fiscal \u2013 REFIS no munic\u00edpio de Alcin\u00f3polis.<\/p>\n<p class=\"x_MsoNormal\">Os tr\u00eas Projetos foram aprovados com unanimidade dos votos dos vereadores presentes. Os vereadores voltar\u00e3o a se reunirem em plen\u00e1rio na pr\u00f3xima segunda para a realiza\u00e7\u00e3o da Sess\u00e3o Ordin\u00e1ria, a partir das 09h00.<\/p>\n","protected":false},"excerpt":{"rendered":"<p>Ainda na manh\u00e3 do dia 13 de mar\u00e7o, os vereadores municipais reuniram-se no Plen\u00e1rio \u201cAdolfo Alves Carneiro\u201d para a realiza\u00e7\u00e3o de uma Sess\u00e3o Extraordin\u00e1ria, a terceira deste ano, para a vota\u00e7\u00e3o de tr\u00eas Projetos de Lei. O primeiro a ser apreciado e votado foi o Projeto de Lei Complementar n\u00ba 001\/23, que concede reajuste salarial [&hellip;]<\/p>\n","protected":false},"author":4,"featured_media":231394,"comment_status":"closed","ping_status":"closed","sticky":false,"template":"","format":"standard","meta":{"footnotes":""},"categories":[18,20],"tags":[],"class_list":["post-234204","post","type-post","status-publish","format-standard","has-post-thumbnail","hentry","category-alcinopolis","category-camara-municipal"],"_links":{"self":[{"href":"https:\/\/www.ocorreionews.com.br\/acervo-correio\/index.php?rest_route=\/wp\/v2\/posts\/234204","targetHints":{"allow":["GET"]}}],"collection":[{"href":"https:\/\/www.ocorreionews.com.br\/acervo-correio\/index.php?rest_route=\/wp\/v2\/posts"}],"about":[{"href":"https:\/\/www.ocorreionews.com.br\/acervo-correio\/index.php?rest_route=\/wp\/v2\/types\/post"}],"author":[{"embeddable":true,"href":"https:\/\/www.ocorreionews.com.br\/acervo-correio\/index.php?rest_route=\/wp\/v2\/users\/4"}],"replies":[{"embeddable":true,"href":"https:\/\/www.ocorreionews.com.br\/acervo-correio\/index.php?rest_route=%2Fwp%2Fv2%2Fcomments&post=234204"}],"version-history":[{"count":1,"href":"https:\/\/www.ocorreionews.com.br\/acervo-correio\/index.php?rest_route=\/wp\/v2\/posts\/234204\/revisions"}],"predecessor-version":[{"id":234205,"href":"https:\/\/www.ocorreionews.com.br\/acervo-correio\/index.php?rest_route=\/wp\/v2\/posts\/234204\/revisions\/234205"}],"wp:featuredmedia":[{"embeddable":true,"href":"https:\/\/www.ocorreionews.com.br\/acervo-correio\/index.php?rest_route=\/wp\/v2\/media\/231394"}],"wp:attachment":[{"href":"https:\/\/www.ocorreionews.com.br\/acervo-correio\/index.php?rest_route=%2Fwp%2Fv2%2Fmedia&parent=234204"}],"wp:term":[{"taxonomy":"category","embeddable":true,"href":"https:\/\/www.ocorreionews.com.br\/acervo-correio\/index.php?rest_route=%2Fwp%2Fv2%2Fcategories&post=234204"},{"taxonomy":"post_tag","embeddable":true,"href":"https:\/\/www.ocorreionews.com.br\/acervo-correio\/index.php?rest_route=%2Fwp%2Fv2%2Ftags&post=234204"}],"curies":[{"name":"wp","href":"https:\/\/api.w.org\/{rel}","templated":true}]}}