{"id":234206,"date":"2023-03-15T06:43:30","date_gmt":"2023-03-15T10:43:30","guid":{"rendered":"https:\/\/www.ocorreionews.com.br\/acervo-correio\/?p=234206"},"modified":"2023-03-15T08:24:06","modified_gmt":"2023-03-15T12:24:06","slug":"acidente-deixa-dois-mortos-na-br-060-em-paraiso-das-aguas","status":"publish","type":"post","link":"https:\/\/www.ocorreionews.com.br\/acervo-correio\/?p=234206","title":{"rendered":"Pai e filho morrem em acidente na BR 060 em Para\u00edso das \u00c1guas"},"content":{"rendered":"<p>Na noite desta ter\u00e7a-feira (14\/3) por volta das 22h30min, um grav\u00edssimo acidente tirou a vida de pai e filho na rodovia BR 060, pr\u00f3ximo a ponte do Rio Verde, em Para\u00edso das \u00c1guas.<\/p>\n<p>Segundo o site BNC Not\u00edcias, uma caminhonete Toyota Hilux, que tinha tr\u00eas passageiros, por motivos que ainda ser\u00e3o apurados, acabou saindo da pista e capotando nas margens da rodovia.<\/p>\n<p>Durante a capotagem, S\u00e9rgio Silva Alves, 50 anos acabou sendo arremessado para fora do ve\u00edculo vinda a \u00f3bito no local, h\u00e1 a suspeita que estava sem sinto de seguran\u00e7a. J\u00e1 Maxwilber dos Santos Alves, 26 anos, natural de An\u00e1polis (GO), filho de S\u00e9rgio, foi socorrido com vida por populares e conduzido ao PAM (Pronto Atendimento M\u00e9dico) de Para\u00edso das \u00c1guas, mas acabou chegando sem vida. Ele seria o condutor do ve\u00edculo. O terceiro ocupante do ve\u00edculo, tamb\u00e9m do sexo masculino, recebeu atendimento m\u00e9dico e estava est\u00e1vel.<\/p>\n<p><img decoding=\"async\" src=\"https:\/\/www.bncnoticias.com.br\/arquivos\/noticias\/13637\/vitimas-fatais-de-capotamento-na-060-sao-pai-e-filho-e-uma-outra-pessoa-ficou-ferida.png\" alt=\"V\u00edtimas fatais de capotamento na 060 s\u00e3o pai e filho e uma outra pessoa ficou ferida\" \/><\/p>\n<p>As circunst\u00e2ncias que se deu o acidente s\u00e3o investigadas, h\u00e1 a suspeita que o motorista tenha tentado se desviar de algum animal silvestre e perdido o controle da dire\u00e7\u00e3o vindo a sair da pista. Os tr\u00eas pneus dos ve\u00edculos estavam estourados, possivelmente com o impacto do capotamento.<\/p>\n<p>As v\u00edtimas seguiam de Campo Grande (MS) para An\u00e1polis (GO). E segundo apurado pelo BNC Not\u00edcias, a v\u00edtima fatal Maxwelber \u00e9 s\u00f3cio administrador de uma empresa de Infraestrutura, SEMAX.<\/p>\n<p>Os corpos ser\u00e3o transladados de avi\u00e3o, por t\u00e1xi a\u00e9reo.<\/p>\n<p>A Pol\u00edcia Civil, Pol\u00edcia T\u00e9cnico Cient\u00edfica (Per\u00edcia) e a PRF (Pol\u00edcia Rodovi\u00e1ria Federal) estiveram no local. Os corpos foram conduzidos ao IML (Instituto M\u00e9dico Legal) de Costa Rica (MS).<\/p>\n<p><img decoding=\"async\" src=\"https:\/\/www.bncnoticias.com.br\/arquivos\/img-uploads\/imagem_558.jpg\" \/><\/p>\n<p><img decoding=\"async\" src=\"https:\/\/www.bncnoticias.com.br\/arquivos\/img-uploads\/imagem_560.jpg\" \/><\/p>\n<p><img decoding=\"async\" src=\"https:\/\/www.bncnoticias.com.br\/arquivos\/img-uploads\/imagem_562.jpg\" \/><\/p>\n<p><img decoding=\"async\" src=\"https:\/\/www.bncnoticias.com.br\/arquivos\/img-uploads\/imagem_561.jpg\" \/><\/p>\n<p><em>\u00a0* Mat\u00e9ria atualizada para corre\u00e7\u00e3o e acr\u00e9scimo de informa\u00e7\u00f5es.<\/em><\/p>\n","protected":false},"excerpt":{"rendered":"<p>Na noite desta ter\u00e7a-feira (14\/3) por volta das 22h30min, um grav\u00edssimo acidente tirou a vida de pai e filho na rodovia BR 060, pr\u00f3ximo a ponte do Rio Verde, em Para\u00edso das \u00c1guas. Segundo o site BNC Not\u00edcias, uma caminhonete Toyota Hilux, que tinha tr\u00eas passageiros, por motivos que ainda ser\u00e3o apurados, acabou saindo da [&hellip;]<\/p>\n","protected":false},"author":4,"featured_media":234207,"comment_status":"closed","ping_status":"closed","sticky":false,"template":"","format":"standard","meta":{"footnotes":""},"categories":[41,36,38],"tags":[],"class_list":["post-234206","post","type-post","status-publish","format-standard","has-post-thumbnail","hentry","category-destaque","category-paraiso-das-aguas","category-policia"],"_links":{"self":[{"href":"https:\/\/www.ocorreionews.com.br\/acervo-correio\/index.php?rest_route=\/wp\/v2\/posts\/234206","targetHints":{"allow":["GET"]}}],"collection":[{"href":"https:\/\/www.ocorreionews.com.br\/acervo-correio\/index.php?rest_route=\/wp\/v2\/posts"}],"about":[{"href":"https:\/\/www.ocorreionews.com.br\/acervo-correio\/index.php?rest_route=\/wp\/v2\/types\/post"}],"author":[{"embeddable":true,"href":"https:\/\/www.ocorreionews.com.br\/acervo-correio\/index.php?rest_route=\/wp\/v2\/users\/4"}],"replies":[{"embeddable":true,"href":"https:\/\/www.ocorreionews.com.br\/acervo-correio\/index.php?rest_route=%2Fwp%2Fv2%2Fcomments&post=234206"}],"version-history":[{"count":1,"href":"https:\/\/www.ocorreionews.com.br\/acervo-correio\/index.php?rest_route=\/wp\/v2\/posts\/234206\/revisions"}],"predecessor-version":[{"id":234219,"href":"https:\/\/www.ocorreionews.com.br\/acervo-correio\/index.php?rest_route=\/wp\/v2\/posts\/234206\/revisions\/234219"}],"wp:featuredmedia":[{"embeddable":true,"href":"https:\/\/www.ocorreionews.com.br\/acervo-correio\/index.php?rest_route=\/wp\/v2\/media\/234207"}],"wp:attachment":[{"href":"https:\/\/www.ocorreionews.com.br\/acervo-correio\/index.php?rest_route=%2Fwp%2Fv2%2Fmedia&parent=234206"}],"wp:term":[{"taxonomy":"category","embeddable":true,"href":"https:\/\/www.ocorreionews.com.br\/acervo-correio\/index.php?rest_route=%2Fwp%2Fv2%2Fcategories&post=234206"},{"taxonomy":"post_tag","embeddable":true,"href":"https:\/\/www.ocorreionews.com.br\/acervo-correio\/index.php?rest_route=%2Fwp%2Fv2%2Ftags&post=234206"}],"curies":[{"name":"wp","href":"https:\/\/api.w.org\/{rel}","templated":true}]}}