{"id":234209,"date":"2023-03-15T06:48:55","date_gmt":"2023-03-15T10:48:55","guid":{"rendered":"https:\/\/www.ocorreionews.com.br\/acervo-correio\/?p=234209"},"modified":"2023-03-15T06:48:55","modified_gmt":"2023-03-15T10:48:55","slug":"casa-do-trabalhador-inicia-semana-com-30-vagas-disponiveis-2","status":"publish","type":"post","link":"https:\/\/www.ocorreionews.com.br\/acervo-correio\/?p=234209","title":{"rendered":"Casa do Trabalhador inicia semana com 30 vagas dispon\u00edveis"},"content":{"rendered":"<figure class=\"wp-block-image size-large\"><figcaption><strong>Veja nos quadros abaixo as oportunidades<\/strong><\/figcaption><\/figure>\n<p>Est\u00e1 em busca de trabalho ou queira mudar de emprego? A Casa do Trabalhador traz \u00f3timas oportunidades, disponibiliza vagas para toda \u00e1rea profissional no mun\u00edcipio.<\/p>\n<p><strong>Um novo caminho pode se abrir para voc\u00ea.<\/strong><\/p>\n<p>Os interessados devem comparecer na Casa do Trabalhador, com os documentos: CPF, RG e Carteira de Trabalho em m\u00e3os, na Avenida Onze, n\u00b0 1045, (Pa\u00e7o Municipal), das 07h \u00e0s 11h.<\/p>\n<p>Pensando na praticidade e personalizando o atendimento, a FUNTRAB disponibilizou o aplicativo \u201cMS Contrata+ para trabalhadores\u201d para agendamento de hor\u00e1rio, assim o interessado n\u00e3o fica muito tempo em filas.<\/p>\n<p>Para isso, baixe no celular o aplicativo, nos Links para downlond:<br \/>\nIOS:\u00a0<a href=\"https:\/\/apps.apple.com\/...\/ms-contrata-p...\/id1544791407\">https:\/\/apps.apple.com\/\u2026\/ms-contrata-p\u2026\/id1544791407<\/a><br \/>\nAndroid:\u00a0\u00a0<a href=\"https:\/\/play.google.com\/store\/apps\/details\">https:\/\/play.google.com\/store\/apps\/details<\/a>\u2026<\/p>\n<p>As vagas de emprego s\u00e3o rotativas, assim, podem ser preenchidas a qualquer momento, sem pr\u00e9vio aviso.<\/p>\n<p>A SEDEMA informa que n\u00e3o haver\u00e1 atendimento na Casa do Trabalhadora \u00e0s Sextas-feiras, pois ser\u00e1 realizado a capta\u00e7\u00e3o de vagas neste mesmo dia. E voc\u00ea empres\u00e1rio que tenha alguma vaga para ofertar, entre em contato com a Casa do Trabalhador pelo 67 99987-7939.<\/p>\n<figure class=\"wp-block-image size-large\"><img loading=\"lazy\" decoding=\"async\" class=\"wp-image-39569\" src=\"https:\/\/jovemsulnews.com.br\/wp-content\/uploads\/2023\/03\/CASA-DO-RABALHADOR-14-03-23-02.jpeg\" sizes=\"auto, (max-width: 700px) 100vw, 700px\" srcset=\"https:\/\/jovemsulnews.com.br\/wp-content\/uploads\/2023\/03\/CASA-DO-RABALHADOR-14-03-23-02.jpeg 700w, https:\/\/jovemsulnews.com.br\/wp-content\/uploads\/2023\/03\/CASA-DO-RABALHADOR-14-03-23-02-300x300.jpeg 300w, https:\/\/jovemsulnews.com.br\/wp-content\/uploads\/2023\/03\/CASA-DO-RABALHADOR-14-03-23-02-150x150.jpeg 150w, https:\/\/jovemsulnews.com.br\/wp-content\/uploads\/2023\/03\/CASA-DO-RABALHADOR-14-03-23-02-229x229.jpeg 229w, https:\/\/jovemsulnews.com.br\/wp-content\/uploads\/2023\/03\/CASA-DO-RABALHADOR-14-03-23-02-200x200.jpeg 200w, https:\/\/jovemsulnews.com.br\/wp-content\/uploads\/2023\/03\/CASA-DO-RABALHADOR-14-03-23-02-100x100.jpeg 100w, https:\/\/jovemsulnews.com.br\/wp-content\/uploads\/2023\/03\/CASA-DO-RABALHADOR-14-03-23-02-290x290.jpeg 290w\" alt=\"\" width=\"700\" height=\"700\" \/><\/figure>\n<figure class=\"wp-block-image size-large\"><img loading=\"lazy\" decoding=\"async\" class=\"wp-image-39570\" src=\"https:\/\/jovemsulnews.com.br\/wp-content\/uploads\/2023\/03\/CASA-DO-RABALHADOR-14-03-23-03.jpeg\" sizes=\"auto, (max-width: 700px) 100vw, 700px\" srcset=\"https:\/\/jovemsulnews.com.br\/wp-content\/uploads\/2023\/03\/CASA-DO-RABALHADOR-14-03-23-03.jpeg 700w, https:\/\/jovemsulnews.com.br\/wp-content\/uploads\/2023\/03\/CASA-DO-RABALHADOR-14-03-23-03-300x300.jpeg 300w, https:\/\/jovemsulnews.com.br\/wp-content\/uploads\/2023\/03\/CASA-DO-RABALHADOR-14-03-23-03-150x150.jpeg 150w, https:\/\/jovemsulnews.com.br\/wp-content\/uploads\/2023\/03\/CASA-DO-RABALHADOR-14-03-23-03-229x229.jpeg 229w, https:\/\/jovemsulnews.com.br\/wp-content\/uploads\/2023\/03\/CASA-DO-RABALHADOR-14-03-23-03-200x200.jpeg 200w, https:\/\/jovemsulnews.com.br\/wp-content\/uploads\/2023\/03\/CASA-DO-RABALHADOR-14-03-23-03-100x100.jpeg 100w, https:\/\/jovemsulnews.com.br\/wp-content\/uploads\/2023\/03\/CASA-DO-RABALHADOR-14-03-23-03-290x290.jpeg 290w\" alt=\"\" width=\"700\" height=\"700\" \/><\/figure>\n<figure class=\"wp-block-image size-large\"><img loading=\"lazy\" decoding=\"async\" class=\"wp-image-39571\" src=\"https:\/\/jovemsulnews.com.br\/wp-content\/uploads\/2023\/03\/CASA-DO-RABALHADOR-14-03-23-04.jpeg\" sizes=\"auto, (max-width: 700px) 100vw, 700px\" srcset=\"https:\/\/jovemsulnews.com.br\/wp-content\/uploads\/2023\/03\/CASA-DO-RABALHADOR-14-03-23-04.jpeg 700w, https:\/\/jovemsulnews.com.br\/wp-content\/uploads\/2023\/03\/CASA-DO-RABALHADOR-14-03-23-04-300x300.jpeg 300w, https:\/\/jovemsulnews.com.br\/wp-content\/uploads\/2023\/03\/CASA-DO-RABALHADOR-14-03-23-04-150x150.jpeg 150w, https:\/\/jovemsulnews.com.br\/wp-content\/uploads\/2023\/03\/CASA-DO-RABALHADOR-14-03-23-04-229x229.jpeg 229w, https:\/\/jovemsulnews.com.br\/wp-content\/uploads\/2023\/03\/CASA-DO-RABALHADOR-14-03-23-04-200x200.jpeg 200w, https:\/\/jovemsulnews.com.br\/wp-content\/uploads\/2023\/03\/CASA-DO-RABALHADOR-14-03-23-04-100x100.jpeg 100w, https:\/\/jovemsulnews.com.br\/wp-content\/uploads\/2023\/03\/CASA-DO-RABALHADOR-14-03-23-04-290x290.jpeg 290w\" alt=\"\" width=\"700\" height=\"700\" \/><\/figure>\n<div class=\"fb-comments fb_iframe_widget fb_iframe_widget_fluid_desktop\" data-href=\"https:\/\/jovemsulnews.com.br\/noticias\/casa-do-trabalhador-inicia-semana-com-30-vagas-disponiveis-2\/\" data-numposts=\"10\" data-colorscheme=\"light\" data-order-by=\"social\" data-mobile=\"true\"><\/div>\n","protected":false},"excerpt":{"rendered":"<p>Veja nos quadros abaixo as oportunidades Est\u00e1 em busca de trabalho ou queira mudar de emprego? A Casa do Trabalhador traz \u00f3timas oportunidades, disponibiliza vagas para toda \u00e1rea profissional no mun\u00edcipio. Um novo caminho pode se abrir para voc\u00ea. Os interessados devem comparecer na Casa do Trabalhador, com os documentos: CPF, RG e Carteira de [&hellip;]<\/p>\n","protected":false},"author":4,"featured_media":186866,"comment_status":"closed","ping_status":"closed","sticky":false,"template":"","format":"standard","meta":{"footnotes":""},"categories":[23,24],"tags":[],"class_list":["post-234209","post","type-post","status-publish","format-standard","has-post-thumbnail","hentry","category-chapadao-do-sul","category-classificados"],"_links":{"self":[{"href":"https:\/\/www.ocorreionews.com.br\/acervo-correio\/index.php?rest_route=\/wp\/v2\/posts\/234209","targetHints":{"allow":["GET"]}}],"collection":[{"href":"https:\/\/www.ocorreionews.com.br\/acervo-correio\/index.php?rest_route=\/wp\/v2\/posts"}],"about":[{"href":"https:\/\/www.ocorreionews.com.br\/acervo-correio\/index.php?rest_route=\/wp\/v2\/types\/post"}],"author":[{"embeddable":true,"href":"https:\/\/www.ocorreionews.com.br\/acervo-correio\/index.php?rest_route=\/wp\/v2\/users\/4"}],"replies":[{"embeddable":true,"href":"https:\/\/www.ocorreionews.com.br\/acervo-correio\/index.php?rest_route=%2Fwp%2Fv2%2Fcomments&post=234209"}],"version-history":[{"count":1,"href":"https:\/\/www.ocorreionews.com.br\/acervo-correio\/index.php?rest_route=\/wp\/v2\/posts\/234209\/revisions"}],"predecessor-version":[{"id":234210,"href":"https:\/\/www.ocorreionews.com.br\/acervo-correio\/index.php?rest_route=\/wp\/v2\/posts\/234209\/revisions\/234210"}],"wp:featuredmedia":[{"embeddable":true,"href":"https:\/\/www.ocorreionews.com.br\/acervo-correio\/index.php?rest_route=\/wp\/v2\/media\/186866"}],"wp:attachment":[{"href":"https:\/\/www.ocorreionews.com.br\/acervo-correio\/index.php?rest_route=%2Fwp%2Fv2%2Fmedia&parent=234209"}],"wp:term":[{"taxonomy":"category","embeddable":true,"href":"https:\/\/www.ocorreionews.com.br\/acervo-correio\/index.php?rest_route=%2Fwp%2Fv2%2Fcategories&post=234209"},{"taxonomy":"post_tag","embeddable":true,"href":"https:\/\/www.ocorreionews.com.br\/acervo-correio\/index.php?rest_route=%2Fwp%2Fv2%2Ftags&post=234209"}],"curies":[{"name":"wp","href":"https:\/\/api.w.org\/{rel}","templated":true}]}}