{"id":234265,"date":"2023-03-16T07:48:31","date_gmt":"2023-03-16T11:48:31","guid":{"rendered":"https:\/\/www.ocorreionews.com.br\/acervo-correio\/?p=234265"},"modified":"2023-03-16T07:48:31","modified_gmt":"2023-03-16T11:48:31","slug":"prefeito-assina-abertura-de-credenciamento-para-contratacao-de-medico-ginecologista","status":"publish","type":"post","link":"https:\/\/www.ocorreionews.com.br\/acervo-correio\/?p=234265","title":{"rendered":"Prefeito assina abertura de credenciamento para contrata\u00e7\u00e3o de m\u00e9dico ginecologista"},"content":{"rendered":"<div class=\"x11i5rnm xat24cr x1mh8g0r x1vvkbs xtlvy1s x126k92a\">\n<div dir=\"auto\"><strong>FIGUEIR\u00c3O<\/strong>&#8211; O prefeito Juvenal Consolaro, em reuni\u00e3o com o secret\u00e1rio de Sa\u00fade Pedro Ubiali, no m\u00eas de comemora\u00e7\u00f5es do Dia da Mulher, assina abertura de credenciamento para m\u00e9dico ginecologista.<\/div>\n<div dir=\"auto\"><\/div>\n<\/div>\n<div class=\"x11i5rnm xat24cr x1mh8g0r x1vvkbs xtlvy1s x126k92a\">\n<div dir=\"auto\">A abertura do credenciamento \u00e9 o primeiro passo para trazer para Figueir\u00e3o m\u00e9dico especialista em Ginecologia, para atender no Hospital Municipal.<\/div>\n<\/div>\n<div class=\"x11i5rnm xat24cr x1mh8g0r x1vvkbs xtlvy1s x126k92a\">\n<div dir=\"auto\">Visando o bem estar das mulheres do munic\u00edpio, o prefeito j\u00e1 autorizou a abertura do credenciamento para contratar esse especialista.<\/div>\n<\/div>\n<div class=\"x11i5rnm xat24cr x1mh8g0r x1vvkbs xtlvy1s x126k92a\">\n<div dir=\"auto\">Fonte\/Fotos: Assecom<\/div>\n<\/div>\n","protected":false},"excerpt":{"rendered":"<p>FIGUEIR\u00c3O&#8211; O prefeito Juvenal Consolaro, em reuni\u00e3o com o secret\u00e1rio de Sa\u00fade Pedro Ubiali, no m\u00eas de comemora\u00e7\u00f5es do Dia da Mulher, assina abertura de credenciamento para m\u00e9dico ginecologista. A abertura do credenciamento \u00e9 o primeiro passo para trazer para Figueir\u00e3o m\u00e9dico especialista em Ginecologia, para atender no Hospital Municipal. Visando o bem estar das [&hellip;]<\/p>\n","protected":false},"author":4,"featured_media":234267,"comment_status":"closed","ping_status":"closed","sticky":false,"template":"","format":"standard","meta":{"footnotes":""},"categories":[30],"tags":[],"class_list":["post-234265","post","type-post","status-publish","format-standard","has-post-thumbnail","hentry","category-figueirao"],"_links":{"self":[{"href":"https:\/\/www.ocorreionews.com.br\/acervo-correio\/index.php?rest_route=\/wp\/v2\/posts\/234265","targetHints":{"allow":["GET"]}}],"collection":[{"href":"https:\/\/www.ocorreionews.com.br\/acervo-correio\/index.php?rest_route=\/wp\/v2\/posts"}],"about":[{"href":"https:\/\/www.ocorreionews.com.br\/acervo-correio\/index.php?rest_route=\/wp\/v2\/types\/post"}],"author":[{"embeddable":true,"href":"https:\/\/www.ocorreionews.com.br\/acervo-correio\/index.php?rest_route=\/wp\/v2\/users\/4"}],"replies":[{"embeddable":true,"href":"https:\/\/www.ocorreionews.com.br\/acervo-correio\/index.php?rest_route=%2Fwp%2Fv2%2Fcomments&post=234265"}],"version-history":[{"count":1,"href":"https:\/\/www.ocorreionews.com.br\/acervo-correio\/index.php?rest_route=\/wp\/v2\/posts\/234265\/revisions"}],"predecessor-version":[{"id":234268,"href":"https:\/\/www.ocorreionews.com.br\/acervo-correio\/index.php?rest_route=\/wp\/v2\/posts\/234265\/revisions\/234268"}],"wp:featuredmedia":[{"embeddable":true,"href":"https:\/\/www.ocorreionews.com.br\/acervo-correio\/index.php?rest_route=\/wp\/v2\/media\/234267"}],"wp:attachment":[{"href":"https:\/\/www.ocorreionews.com.br\/acervo-correio\/index.php?rest_route=%2Fwp%2Fv2%2Fmedia&parent=234265"}],"wp:term":[{"taxonomy":"category","embeddable":true,"href":"https:\/\/www.ocorreionews.com.br\/acervo-correio\/index.php?rest_route=%2Fwp%2Fv2%2Fcategories&post=234265"},{"taxonomy":"post_tag","embeddable":true,"href":"https:\/\/www.ocorreionews.com.br\/acervo-correio\/index.php?rest_route=%2Fwp%2Fv2%2Ftags&post=234265"}],"curies":[{"name":"wp","href":"https:\/\/api.w.org\/{rel}","templated":true}]}}