{"id":234270,"date":"2023-03-16T07:52:00","date_gmt":"2023-03-16T11:52:00","guid":{"rendered":"https:\/\/www.ocorreionews.com.br\/acervo-correio\/?p=234270"},"modified":"2023-03-16T14:11:50","modified_gmt":"2023-03-16T18:11:50","slug":"foragido-de-minas-gerais-e-identificado-e-preso-em-alcinopolis","status":"publish","type":"post","link":"https:\/\/www.ocorreionews.com.br\/acervo-correio\/?p=234270","title":{"rendered":"Preso por homic\u00eddio foge da cadeia em MG \u00e9 capturado em Alcin\u00f3polis"},"content":{"rendered":"<p>Uma a\u00e7\u00e3o exitosa em conjunto envolveu tr\u00eas for\u00e7as policiais e culminou na execu\u00e7\u00e3o do mandado de pris\u00e3o em desfavor de P. V. M. D. S., nesta quarta-feira (15), em Alcin\u00f3polis &#8211; MS. O mandado \u00e9 de Minas Gerais e foi expedido, em s\u00edntese, porque autor fugiu da Unidade Prisional, onde cumpria pena em regime fechado.<\/p>\n<p>As for\u00e7as policiais envolvidas foram: Pol\u00edcia Militar, Pol\u00edcia Judici\u00e1ria Civil e Pol\u00edcia Rodovi\u00e1ria Federal. A a\u00e7\u00e3o conjunta foi movida atrav\u00e9s de uma liga\u00e7\u00e3o da PRF que informava que o indiv\u00edduo trafegava na BR 359, sentido Coxim a Alcin\u00f3polis.<\/p>\n<p>Imediatamente deslocaram-se para o local indicado e realizaram a abordagem.<\/p>\n<p>O foragido era passageiro de um ve\u00edculo com placas de Uberl\u00e2ndia &#8211; MG e apresentou documentos falsos para os policiais, no momento da abordagem.<\/p>\n<p>Ao questionarem sobre o documento, o foragido n\u00e3o soube responder e confessou ser P. V., um foragido do estado mineiro e de alta periculosidade.<\/p>\n<p>Foi dada voz de pris\u00e3o imediatamente, em cumprimento ao mandado de pris\u00e3o, com o acr\u00e9scimo de mais dois crimes cometidos: evas\u00e3o de local de cust\u00f3dia legal e uso de documentos falsos.<\/p>\n<p>* Bruna Souza Regional MS<\/p>\n","protected":false},"excerpt":{"rendered":"<p>Uma a\u00e7\u00e3o exitosa em conjunto envolveu tr\u00eas for\u00e7as policiais e culminou na execu\u00e7\u00e3o do mandado de pris\u00e3o em desfavor de P. V. M. D. S., nesta quarta-feira (15), em Alcin\u00f3polis &#8211; MS. O mandado \u00e9 de Minas Gerais e foi expedido, em s\u00edntese, porque autor fugiu da Unidade Prisional, onde cumpria pena em regime fechado. [&hellip;]<\/p>\n","protected":false},"author":4,"featured_media":234307,"comment_status":"closed","ping_status":"closed","sticky":false,"template":"","format":"standard","meta":{"footnotes":""},"categories":[18,38],"tags":[],"class_list":["post-234270","post","type-post","status-publish","format-standard","has-post-thumbnail","hentry","category-alcinopolis","category-policia"],"_links":{"self":[{"href":"https:\/\/www.ocorreionews.com.br\/acervo-correio\/index.php?rest_route=\/wp\/v2\/posts\/234270","targetHints":{"allow":["GET"]}}],"collection":[{"href":"https:\/\/www.ocorreionews.com.br\/acervo-correio\/index.php?rest_route=\/wp\/v2\/posts"}],"about":[{"href":"https:\/\/www.ocorreionews.com.br\/acervo-correio\/index.php?rest_route=\/wp\/v2\/types\/post"}],"author":[{"embeddable":true,"href":"https:\/\/www.ocorreionews.com.br\/acervo-correio\/index.php?rest_route=\/wp\/v2\/users\/4"}],"replies":[{"embeddable":true,"href":"https:\/\/www.ocorreionews.com.br\/acervo-correio\/index.php?rest_route=%2Fwp%2Fv2%2Fcomments&post=234270"}],"version-history":[{"count":1,"href":"https:\/\/www.ocorreionews.com.br\/acervo-correio\/index.php?rest_route=\/wp\/v2\/posts\/234270\/revisions"}],"predecessor-version":[{"id":234310,"href":"https:\/\/www.ocorreionews.com.br\/acervo-correio\/index.php?rest_route=\/wp\/v2\/posts\/234270\/revisions\/234310"}],"wp:featuredmedia":[{"embeddable":true,"href":"https:\/\/www.ocorreionews.com.br\/acervo-correio\/index.php?rest_route=\/wp\/v2\/media\/234307"}],"wp:attachment":[{"href":"https:\/\/www.ocorreionews.com.br\/acervo-correio\/index.php?rest_route=%2Fwp%2Fv2%2Fmedia&parent=234270"}],"wp:term":[{"taxonomy":"category","embeddable":true,"href":"https:\/\/www.ocorreionews.com.br\/acervo-correio\/index.php?rest_route=%2Fwp%2Fv2%2Fcategories&post=234270"},{"taxonomy":"post_tag","embeddable":true,"href":"https:\/\/www.ocorreionews.com.br\/acervo-correio\/index.php?rest_route=%2Fwp%2Fv2%2Ftags&post=234270"}],"curies":[{"name":"wp","href":"https:\/\/api.w.org\/{rel}","templated":true}]}}