{"id":234313,"date":"2023-03-16T14:47:45","date_gmt":"2023-03-16T18:47:45","guid":{"rendered":"https:\/\/www.ocorreionews.com.br\/acervo-correio\/?p=234313"},"modified":"2023-03-16T14:47:45","modified_gmt":"2023-03-16T18:47:45","slug":"autoridades-de-paraiso-das-aguas-visitam-o-assentamento-mateira-e-discutem-investimentos","status":"publish","type":"post","link":"https:\/\/www.ocorreionews.com.br\/acervo-correio\/?p=234313","title":{"rendered":"Autoridades de Para\u00edso das \u00c1guas visitam  o Assentamento Mateira e discutem investimentos"},"content":{"rendered":"<p>Na \u00faltima ter\u00e7a-feira, dia 14 de mar\u00e7o, o prefeito An\u00edzio Andrade (PP) acompanhado dos vereadores Neife Vida (PP), Tuta (PSDB), do secret\u00e1rio municipal de Desenvolvimento Econ\u00f4mico, Meio Ambiente e Turismo &#8211; Sedemat, Prof. Wilson Mateus, o chefe de Gabinete, Adriano Dias Agostinho e o engenheiro de Infraestrutura do Munic\u00edpio, Mateus Schons, estiveram visitando o Assentamento Mateira, onde estuda investimentos para os pequenos agricultores familiares.<\/p>\n<p>Entre os investimentos est\u00e3o levar o atendimento m\u00e9dico peri\u00f3dico \u00e0s 151 fam\u00edlias moradoras do assentamento, reforma e amplia\u00e7\u00e3o do sal\u00e3o da Sede, disponibilidade de um local, como um lavat\u00f3rio para processamento dos alimentos que ser\u00e3o comercializados em feiras, constru\u00e7\u00e3o de um campo de futebol e outras melhorias para facilitar a vida e o dia-a-dia dos moradores.<\/p>\n<p>O Assentamento Mateira fica distante 15 km da sede de Para\u00edso das \u00c1guas e \u00e9 uma das grandes respons\u00e1veis pelo abastecimento de hortifruti ao munic\u00edpio, principalmente nas quintas-feiras, durante a Feira do Produtor Rural.<\/p>\n<p>Diante dos pedidos dos moradores junto ao Executivo e Legislativo municipais, o projeto para os investimentos j\u00e1 est\u00e3o em andamento e em breve dever\u00e1 ser iniciado.<\/p>\n<p>&#8220;Queremos agradecer ao prefeito An\u00edzio Andrade, ao secret\u00e1rio Prof. Wilson e a toda sua equipe por assistir de perto aos assentados e atender nossas reivindica\u00e7\u00f5es com atendimento e investimentos necess\u00e1rios neste assentamento&#8221;, disse o vereado Tuta.<\/p>\n<p>&nbsp;<\/p>\n<p>*BNC Noticias<\/p>\n","protected":false},"excerpt":{"rendered":"<p>Na \u00faltima ter\u00e7a-feira, dia 14 de mar\u00e7o, o prefeito An\u00edzio Andrade (PP) acompanhado dos vereadores Neife Vida (PP), Tuta (PSDB), do secret\u00e1rio municipal de Desenvolvimento Econ\u00f4mico, Meio Ambiente e Turismo &#8211; Sedemat, Prof. Wilson Mateus, o chefe de Gabinete, Adriano Dias Agostinho e o engenheiro de Infraestrutura do Munic\u00edpio, Mateus Schons, estiveram visitando o Assentamento [&hellip;]<\/p>\n","protected":false},"author":5,"featured_media":234314,"comment_status":"closed","ping_status":"closed","sticky":false,"template":"","format":"standard","meta":{"footnotes":""},"categories":[36],"tags":[],"class_list":["post-234313","post","type-post","status-publish","format-standard","has-post-thumbnail","hentry","category-paraiso-das-aguas"],"_links":{"self":[{"href":"https:\/\/www.ocorreionews.com.br\/acervo-correio\/index.php?rest_route=\/wp\/v2\/posts\/234313","targetHints":{"allow":["GET"]}}],"collection":[{"href":"https:\/\/www.ocorreionews.com.br\/acervo-correio\/index.php?rest_route=\/wp\/v2\/posts"}],"about":[{"href":"https:\/\/www.ocorreionews.com.br\/acervo-correio\/index.php?rest_route=\/wp\/v2\/types\/post"}],"author":[{"embeddable":true,"href":"https:\/\/www.ocorreionews.com.br\/acervo-correio\/index.php?rest_route=\/wp\/v2\/users\/5"}],"replies":[{"embeddable":true,"href":"https:\/\/www.ocorreionews.com.br\/acervo-correio\/index.php?rest_route=%2Fwp%2Fv2%2Fcomments&post=234313"}],"version-history":[{"count":1,"href":"https:\/\/www.ocorreionews.com.br\/acervo-correio\/index.php?rest_route=\/wp\/v2\/posts\/234313\/revisions"}],"predecessor-version":[{"id":234316,"href":"https:\/\/www.ocorreionews.com.br\/acervo-correio\/index.php?rest_route=\/wp\/v2\/posts\/234313\/revisions\/234316"}],"wp:featuredmedia":[{"embeddable":true,"href":"https:\/\/www.ocorreionews.com.br\/acervo-correio\/index.php?rest_route=\/wp\/v2\/media\/234314"}],"wp:attachment":[{"href":"https:\/\/www.ocorreionews.com.br\/acervo-correio\/index.php?rest_route=%2Fwp%2Fv2%2Fmedia&parent=234313"}],"wp:term":[{"taxonomy":"category","embeddable":true,"href":"https:\/\/www.ocorreionews.com.br\/acervo-correio\/index.php?rest_route=%2Fwp%2Fv2%2Fcategories&post=234313"},{"taxonomy":"post_tag","embeddable":true,"href":"https:\/\/www.ocorreionews.com.br\/acervo-correio\/index.php?rest_route=%2Fwp%2Fv2%2Ftags&post=234313"}],"curies":[{"name":"wp","href":"https:\/\/api.w.org\/{rel}","templated":true}]}}