{"id":234323,"date":"2023-03-16T16:31:46","date_gmt":"2023-03-16T20:31:46","guid":{"rendered":"https:\/\/www.ocorreionews.com.br\/acervo-correio\/?p=234323"},"modified":"2023-03-17T09:48:21","modified_gmt":"2023-03-17T13:48:21","slug":"tecnoagro-uniggel-sementes-vai-investir-r-35-mi-na-construcao-da-ubs-de-chapadao-do-sul","status":"publish","type":"post","link":"https:\/\/www.ocorreionews.com.br\/acervo-correio\/?p=234323","title":{"rendered":"Uniggel Sementes vai investir R$ 35 milh\u00f5es na Constru\u00e7\u00e3o da UBS de Chapad\u00e3o do Sul"},"content":{"rendered":"<p><strong><em>A Uniggel Sementes\u00ae \u00e9 multiplicadora de sementes de soja que representa\u00a0\u00a0 empresas de renome nacional e internacional.<\/em><\/strong><\/p>\n<p>O anuncio da Constru\u00e7\u00e3o UBS &#8211; Unidade Beneficiamento de Sementes em Chapad\u00e3o do Sul aconteceu durante a realiza\u00e7\u00e3o da 25\u00aa Edi\u00e7\u00e3o do TecnoAgro, e ser\u00e1 constru\u00edda as margens da MS 306, sa\u00edda para cidade de Costa Rica.<\/p>\n<p>O investimento ser\u00e1 de 35 milh\u00f5es de reais e ter\u00e1 a capacidade de produ\u00e7\u00e3o de 400 mil sacas de sementes, com a gera\u00e7\u00e3o de mais de 50 empregos diretos.<\/p>\n<p>Atualmente com capacidade total de produ\u00e7\u00e3o em torno de 2.500.000 milh\u00f5es de sacas, que atende aos estados de Goi\u00e1s, Tocantins, Par\u00e1, Mato Grosso, Mato Grosso do Sul, Bahia, Piau\u00ed e Maranh\u00e3o e e que esteve presente com seus Stand no TecnoAgro 2023.<\/p>\n<p>&nbsp;<\/p>\n<figure id=\"attachment_234355\" aria-describedby=\"caption-attachment-234355\" style=\"width: 2144px\" class=\"wp-caption alignnone\"><a href=\"https:\/\/www.ocorreionews.com.br\/acervo-correio\/wp-content\/uploads\/2023\/03\/DSC_0515.jpg\"><img loading=\"lazy\" decoding=\"async\" class=\"wp-image-234355 size-full\" src=\"https:\/\/www.ocorreionews.com.br\/acervo-correio\/wp-content\/uploads\/2023\/03\/DSC_0515.jpg\" alt=\"\" width=\"2144\" height=\"1424\" srcset=\"https:\/\/www.ocorreionews.com.br\/acervo-correio\/wp-content\/uploads\/2023\/03\/DSC_0515.jpg 2144w, https:\/\/www.ocorreionews.com.br\/acervo-correio\/wp-content\/uploads\/2023\/03\/DSC_0515-300x199.jpg 300w, https:\/\/www.ocorreionews.com.br\/acervo-correio\/wp-content\/uploads\/2023\/03\/DSC_0515-1024x680.jpg 1024w, https:\/\/www.ocorreionews.com.br\/acervo-correio\/wp-content\/uploads\/2023\/03\/DSC_0515-768x510.jpg 768w, https:\/\/www.ocorreionews.com.br\/acervo-correio\/wp-content\/uploads\/2023\/03\/DSC_0515-1536x1020.jpg 1536w, https:\/\/www.ocorreionews.com.br\/acervo-correio\/wp-content\/uploads\/2023\/03\/DSC_0515-2048x1360.jpg 2048w\" sizes=\"auto, (max-width: 2144px) 100vw, 2144px\" \/><\/a><figcaption id=\"caption-attachment-234355\" class=\"wp-caption-text\">Gerente Comercial Gilv\u00e2nio e Diretor da Empresas S\u00e9rgio Garcia<\/figcaption><\/figure>\n<p>O an\u00fancio do lan\u00e7amento ocorreu no Stand da empresa, pelo gerente Comercial Gilv\u00e2nio Pereira ao lado do Prefeito Municipal Jo\u00e3o Carlos Krug, que afirmou que Uniggel Sementes, atende hoje mais de 35 mil hectares dos seus agregados e cooperados, e que este fator ap\u00f3s a instala\u00e7\u00e3o da empresas, ir\u00e1 favorecer o atendimento de mais cooperados, al\u00e9m gerar \u00a0mais investimentos no setor da cidade, principalmente junto ao com\u00e9rcio local.<\/p>\n<figure id=\"attachment_234324\" aria-describedby=\"caption-attachment-234324\" style=\"width: 2144px\" class=\"wp-caption alignnone\"><a href=\"https:\/\/www.ocorreionews.com.br\/acervo-correio\/wp-content\/uploads\/2023\/03\/GILVANIO-E-JCK.jpg\"><img loading=\"lazy\" decoding=\"async\" class=\"size-full wp-image-234324\" src=\"https:\/\/www.ocorreionews.com.br\/acervo-correio\/wp-content\/uploads\/2023\/03\/GILVANIO-E-JCK.jpg\" alt=\"\" width=\"2144\" height=\"1424\" srcset=\"https:\/\/www.ocorreionews.com.br\/acervo-correio\/wp-content\/uploads\/2023\/03\/GILVANIO-E-JCK.jpg 2144w, https:\/\/www.ocorreionews.com.br\/acervo-correio\/wp-content\/uploads\/2023\/03\/GILVANIO-E-JCK-300x199.jpg 300w, https:\/\/www.ocorreionews.com.br\/acervo-correio\/wp-content\/uploads\/2023\/03\/GILVANIO-E-JCK-1024x680.jpg 1024w, https:\/\/www.ocorreionews.com.br\/acervo-correio\/wp-content\/uploads\/2023\/03\/GILVANIO-E-JCK-768x510.jpg 768w, https:\/\/www.ocorreionews.com.br\/acervo-correio\/wp-content\/uploads\/2023\/03\/GILVANIO-E-JCK-1536x1020.jpg 1536w, https:\/\/www.ocorreionews.com.br\/acervo-correio\/wp-content\/uploads\/2023\/03\/GILVANIO-E-JCK-2048x1360.jpg 2048w\" sizes=\"auto, (max-width: 2144px) 100vw, 2144px\" \/><\/a><figcaption id=\"caption-attachment-234324\" class=\"wp-caption-text\">Jo\u00e3o Carlos Krug e Gilv\u00e2nio<\/figcaption><\/figure>\n<p>O investimento da Uniggel \u00e9 comemorado pelo administrador do munic\u00edpio, que acredita que \u00e9 o momento muito positivo, porque al\u00e9m da gera\u00e7\u00e3o de emprego vai agregar muito para o produtor que ter\u00e1 o atendimento mais perto da sua propriedade e menos problemas burocr\u00e1tico e de imposto.<\/p>\n<p>&nbsp;<\/p>\n<p><a href=\"https:\/\/www.ocorreionews.com.br\/acervo-correio\/wp-content\/uploads\/2023\/03\/indice.jpg\"><img loading=\"lazy\" decoding=\"async\" class=\"alignnone size-full wp-image-234325\" src=\"https:\/\/www.ocorreionews.com.br\/acervo-correio\/wp-content\/uploads\/2023\/03\/indice.jpg\" alt=\"\" width=\"1080\" height=\"1080\" srcset=\"https:\/\/www.ocorreionews.com.br\/acervo-correio\/wp-content\/uploads\/2023\/03\/indice.jpg 1080w, https:\/\/www.ocorreionews.com.br\/acervo-correio\/wp-content\/uploads\/2023\/03\/indice-300x300.jpg 300w, https:\/\/www.ocorreionews.com.br\/acervo-correio\/wp-content\/uploads\/2023\/03\/indice-1024x1024.jpg 1024w, https:\/\/www.ocorreionews.com.br\/acervo-correio\/wp-content\/uploads\/2023\/03\/indice-150x150.jpg 150w, https:\/\/www.ocorreionews.com.br\/acervo-correio\/wp-content\/uploads\/2023\/03\/indice-768x768.jpg 768w\" sizes=\"auto, (max-width: 1080px) 100vw, 1080px\" \/><\/a><\/p>\n<p>&nbsp;<\/p>\n<p>&nbsp;<\/p>\n","protected":false},"excerpt":{"rendered":"<p>A Uniggel Sementes\u00ae \u00e9 multiplicadora de sementes de soja que representa\u00a0\u00a0 empresas de renome nacional e internacional. O anuncio da Constru\u00e7\u00e3o UBS &#8211; Unidade Beneficiamento de Sementes em Chapad\u00e3o do Sul aconteceu durante a realiza\u00e7\u00e3o da 25\u00aa Edi\u00e7\u00e3o do TecnoAgro, e ser\u00e1 constru\u00edda as margens da MS 306, sa\u00edda para cidade de Costa Rica. O [&hellip;]<\/p>\n","protected":false},"author":4,"featured_media":234358,"comment_status":"closed","ping_status":"closed","sticky":false,"template":"","format":"standard","meta":{"footnotes":""},"categories":[22,23,41],"tags":[],"class_list":["post-234323","post","type-post","status-publish","format-standard","has-post-thumbnail","hentry","category-chapadao-do-ceu","category-chapadao-do-sul","category-destaque"],"_links":{"self":[{"href":"https:\/\/www.ocorreionews.com.br\/acervo-correio\/index.php?rest_route=\/wp\/v2\/posts\/234323","targetHints":{"allow":["GET"]}}],"collection":[{"href":"https:\/\/www.ocorreionews.com.br\/acervo-correio\/index.php?rest_route=\/wp\/v2\/posts"}],"about":[{"href":"https:\/\/www.ocorreionews.com.br\/acervo-correio\/index.php?rest_route=\/wp\/v2\/types\/post"}],"author":[{"embeddable":true,"href":"https:\/\/www.ocorreionews.com.br\/acervo-correio\/index.php?rest_route=\/wp\/v2\/users\/4"}],"replies":[{"embeddable":true,"href":"https:\/\/www.ocorreionews.com.br\/acervo-correio\/index.php?rest_route=%2Fwp%2Fv2%2Fcomments&post=234323"}],"version-history":[{"count":1,"href":"https:\/\/www.ocorreionews.com.br\/acervo-correio\/index.php?rest_route=\/wp\/v2\/posts\/234323\/revisions"}],"predecessor-version":[{"id":234434,"href":"https:\/\/www.ocorreionews.com.br\/acervo-correio\/index.php?rest_route=\/wp\/v2\/posts\/234323\/revisions\/234434"}],"wp:featuredmedia":[{"embeddable":true,"href":"https:\/\/www.ocorreionews.com.br\/acervo-correio\/index.php?rest_route=\/wp\/v2\/media\/234358"}],"wp:attachment":[{"href":"https:\/\/www.ocorreionews.com.br\/acervo-correio\/index.php?rest_route=%2Fwp%2Fv2%2Fmedia&parent=234323"}],"wp:term":[{"taxonomy":"category","embeddable":true,"href":"https:\/\/www.ocorreionews.com.br\/acervo-correio\/index.php?rest_route=%2Fwp%2Fv2%2Fcategories&post=234323"},{"taxonomy":"post_tag","embeddable":true,"href":"https:\/\/www.ocorreionews.com.br\/acervo-correio\/index.php?rest_route=%2Fwp%2Fv2%2Ftags&post=234323"}],"curies":[{"name":"wp","href":"https:\/\/api.w.org\/{rel}","templated":true}]}}