{"id":23439,"date":"2016-03-22T11:03:35","date_gmt":"2016-03-22T15:03:35","guid":{"rendered":"https:\/\/ocorreionews.com.br\/?p=23439"},"modified":"2016-03-22T11:03:35","modified_gmt":"2016-03-22T15:03:35","slug":"ex-jogador-de-basquete-brasileiro-esta-entre-os-feridos-em-atentado-na-belgica","status":"publish","type":"post","link":"https:\/\/www.ocorreionews.com.br\/acervo-correio\/?p=23439","title":{"rendered":"Ex-jogador de basquete brasileiro est\u00e1 entre os feridos em atentado na B\u00e9lgica"},"content":{"rendered":"<p>O ex-jogador de basquete brasileiro Sebastien Bellin foi uma das pessoas feridas no atentado ocorrido no aeroporto Zaventem, em Bruxelas, na B\u00e9lgica, na manh\u00e3 desta ter\u00e7a-feira. Um parente do ex-piv\u00f4 declarou ao site belga \u201cSudinfo\u201d que ele est\u00e1 em cuidados intensivos, mas que ainda n\u00e3o tem um diagn\u00f3stico preciso sobre o estado de sa\u00fade.<\/p>\n<p>O BC Telenet Oostende, onde Bellin jogou entre entre 2006 e 2009, compartilhou uma foto do ex-atleta ferido e se solidarizou com o ex-piv\u00f4.<\/p>\n<p>&#8220;N\u00f3s desejamos for\u00e7a e pronta recupera\u00e7\u00e3o ao nosso ex-jogador Sebastien Bellin&#8221;, publicou a conta oficial do BC Telenet Oostende em uma rede social.<\/p>\n<p>A Federa\u00e7\u00e3o Internacional de Basquete da Europa (Fiba Europe) tamb\u00e9m compartilhou a mesma imagem de Bellin e lhe desejou &#8220;uma r\u00e1pida recupera\u00e7\u00e3o&#8221;.<\/p>\n<figure><img decoding=\"async\" class=\"inline\" src=\"http:\/\/extra.globo.com\/incoming\/18931208-b35-920\/w448\/sebastien-bellin-atentado-belgica-2.jpg\" alt=\"O ex-piv\u00f4 Sebastien Bellin no sagu\u00e3o do aeroporto\" \/><figcaption>O ex-piv\u00f4 Sebastien Bellin no sagu\u00e3o do aeroporto Foto: HANDOUT \/ REUTERS<\/figcaption><\/figure>\n<p>O ex-atleta nasceu em S\u00e3o Paulo, mas sempre jogou no exterior. Com dupla cidadania, Bellin era piv\u00f4 e defendeu a sele\u00e7\u00e3o da B\u00e9lgica pela primeira vez em 2005. O ex-jogador de 37 anos atuou em ligas universit\u00e1rias nos Estados Unidos, atuando profissionalmente por times da B\u00e9lgica, como Ammberes, Oostende, Wevelgem, Gante e Mons-Hainaut.<\/p>\n<p>Bellin se aposentou h\u00e1 dois anos, mas continuou ligado ao mundo do basquete como vice-presidente da empresa Keemotion, que automatiza as filmagens de jogos de basquete.<\/p>\n<p>No mesmo aeroporto se encontravam os jogadores do Amberes \u2013 um dos ex-clubes de Bellin \u2013, que iriam jogar nesta quarta-feira contra o Varese no Campeonato Europeu de Basquete. Nenhum integrante ficou ferido e eles foram evacuados do aeroporto de Bruxelas ap\u00f3s as explos\u00f5es.<\/p>\n<p>O jogador Ivan Mar\u00e3s, ex-compaheiro de Bellin, deixou uma mensagem de apoio ao ex-piv\u00f4.<\/p>\n<p>&#8220;Rezando pelo meu ex-colega de equipe Sebastien Bellin, que foi ferido nos ataques de hoje!<\/p>\n<p>&nbsp;<\/p>\n<p><strong>Os atentados<\/strong><\/p>\n<p align=\"left\">Pelo menos 34 pessoas morreram e 136 ficaram feridas em tr\u00eas explos\u00f5es em Bruxelas, na B\u00e9lgica, na manh\u00e3 desta ter\u00e7a-feira. Dez pessoas morreram numa explos\u00e3o no metr\u00f4, de acordo com duas empresas de radiodifus\u00e3o belgas, e pelo menos 13 foram mortas no aeroporto, de acordo com a emissora p\u00fablica VRT.<\/p>\n<p align=\"left\">O ataque no aeroporto foi suicida, segundo as autoridades belgas. O epis\u00f3dio acontece quatro dias ap\u00f3s a pris\u00e3o de Salah Abdeslam, de 26 anos, num sub\u00farbio de Bruxelas. A pol\u00edcia afirma que ele estava envolvido nos ataques terroristas de Paris de novembro do ano passado.<\/p>\n<p align=\"left\">G-1<\/p>\n","protected":false},"excerpt":{"rendered":"<p>O ex-jogador de basquete brasileiro Sebastien Bellin foi uma das pessoas feridas no atentado ocorrido no aeroporto Zaventem, em Bruxelas, na B\u00e9lgica, na manh\u00e3 desta ter\u00e7a-feira. Um parente do ex-piv\u00f4 declarou ao site belga \u201cSudinfo\u201d que ele est\u00e1 em cuidados intensivos, mas que ainda n\u00e3o tem um diagn\u00f3stico preciso sobre o estado de sa\u00fade. O [&hellip;]<\/p>\n","protected":false},"author":4,"featured_media":23440,"comment_status":"closed","ping_status":"closed","sticky":false,"template":"","format":"standard","meta":{"footnotes":""},"categories":[29,33],"tags":[],"class_list":["post-23439","post","type-post","status-publish","format-standard","has-post-thumbnail","hentry","category-esporte","category-mundo"],"_links":{"self":[{"href":"https:\/\/www.ocorreionews.com.br\/acervo-correio\/index.php?rest_route=\/wp\/v2\/posts\/23439","targetHints":{"allow":["GET"]}}],"collection":[{"href":"https:\/\/www.ocorreionews.com.br\/acervo-correio\/index.php?rest_route=\/wp\/v2\/posts"}],"about":[{"href":"https:\/\/www.ocorreionews.com.br\/acervo-correio\/index.php?rest_route=\/wp\/v2\/types\/post"}],"author":[{"embeddable":true,"href":"https:\/\/www.ocorreionews.com.br\/acervo-correio\/index.php?rest_route=\/wp\/v2\/users\/4"}],"replies":[{"embeddable":true,"href":"https:\/\/www.ocorreionews.com.br\/acervo-correio\/index.php?rest_route=%2Fwp%2Fv2%2Fcomments&post=23439"}],"version-history":[{"count":0,"href":"https:\/\/www.ocorreionews.com.br\/acervo-correio\/index.php?rest_route=\/wp\/v2\/posts\/23439\/revisions"}],"wp:featuredmedia":[{"embeddable":true,"href":"https:\/\/www.ocorreionews.com.br\/acervo-correio\/index.php?rest_route=\/wp\/v2\/media\/23440"}],"wp:attachment":[{"href":"https:\/\/www.ocorreionews.com.br\/acervo-correio\/index.php?rest_route=%2Fwp%2Fv2%2Fmedia&parent=23439"}],"wp:term":[{"taxonomy":"category","embeddable":true,"href":"https:\/\/www.ocorreionews.com.br\/acervo-correio\/index.php?rest_route=%2Fwp%2Fv2%2Fcategories&post=23439"},{"taxonomy":"post_tag","embeddable":true,"href":"https:\/\/www.ocorreionews.com.br\/acervo-correio\/index.php?rest_route=%2Fwp%2Fv2%2Ftags&post=23439"}],"curies":[{"name":"wp","href":"https:\/\/api.w.org\/{rel}","templated":true}]}}