{"id":234431,"date":"2023-03-17T09:51:43","date_gmt":"2023-03-17T13:51:43","guid":{"rendered":"https:\/\/www.ocorreionews.com.br\/acervo-correio\/?p=234431"},"modified":"2023-03-17T09:51:43","modified_gmt":"2023-03-17T13:51:43","slug":"vereador-passarinho-solicitou-a-volta-do-raio-rx-para-hospital","status":"publish","type":"post","link":"https:\/\/www.ocorreionews.com.br\/acervo-correio\/?p=234431","title":{"rendered":"Vereador Passarinho solicitou a volta do Raio RX para Hospital"},"content":{"rendered":"<p>O vereador e chefe da Casa de Leis de Alcin\u00f3polis, Valdeci Passarinho (Uni\u00e3o) se reuniu com o secret\u00e1rio de sa\u00fade e fez v\u00e1rias reivindica\u00e7\u00f5es para o munic\u00edpio. Entre elas, a volta do raio-x e para a diretora do hospital Averaldo Fernandes Barbosa, Marlete Oliveira, agilidade nos atendimentos.<\/p>\n<p>Segundo o vereador, o raio-x est\u00e1 desativado. &#8220;A pessoa precisa de encaminhamento, pedimos urg\u00eancia de retorno desse atendimento. Tamb\u00e9m questionamos sobre a regula\u00e7\u00e3o de vagas e visitei a farm\u00e1cia, para saber quais medicamentos est\u00e3o faltando para que seja restabelecido&#8221;, diz.<\/p>\n<p>Depois, o vereador se reuniu com a diretora do hospital Averaldo Fernandes. &#8220;Tratamos de um assunto muito s\u00e9rio, sobre a demora no atendimento da unidade b\u00e1sica 24 horas no hospital, principalmente no per\u00edodo noturno. A gente cobrou agilidade da administra\u00e7\u00e3o para que melhore a qualidade&#8221;, pondera.<\/p>\n<p>O vereador tamb\u00e9m visitou a pra\u00e7a da B\u00edblia no Conjunto P\u00f4r do Sol. &#8220;Onde eu apresentei na semana passada uma indica\u00e7\u00e3o para instala\u00e7\u00e3o de uma academia ao ar livre, tendo em vista que n\u00f3s temos uma academia na pra\u00e7a Divina Cris\u00f3stomo da Silva, no Jardim Bom Sucesso e tamb\u00e9m uma na pra\u00e7a do centro&#8221;, finalizou.<\/p>\n<p>MStododia<\/p>\n","protected":false},"excerpt":{"rendered":"<p>O vereador e chefe da Casa de Leis de Alcin\u00f3polis, Valdeci Passarinho (Uni\u00e3o) se reuniu com o secret\u00e1rio de sa\u00fade e fez v\u00e1rias reivindica\u00e7\u00f5es para o munic\u00edpio. Entre elas, a volta do raio-x e para a diretora do hospital Averaldo Fernandes Barbosa, Marlete Oliveira, agilidade nos atendimentos. Segundo o vereador, o raio-x est\u00e1 desativado. &#8220;A [&hellip;]<\/p>\n","protected":false},"author":4,"featured_media":234432,"comment_status":"closed","ping_status":"closed","sticky":false,"template":"","format":"standard","meta":{"footnotes":""},"categories":[18,20],"tags":[],"class_list":["post-234431","post","type-post","status-publish","format-standard","has-post-thumbnail","hentry","category-alcinopolis","category-camara-municipal"],"_links":{"self":[{"href":"https:\/\/www.ocorreionews.com.br\/acervo-correio\/index.php?rest_route=\/wp\/v2\/posts\/234431","targetHints":{"allow":["GET"]}}],"collection":[{"href":"https:\/\/www.ocorreionews.com.br\/acervo-correio\/index.php?rest_route=\/wp\/v2\/posts"}],"about":[{"href":"https:\/\/www.ocorreionews.com.br\/acervo-correio\/index.php?rest_route=\/wp\/v2\/types\/post"}],"author":[{"embeddable":true,"href":"https:\/\/www.ocorreionews.com.br\/acervo-correio\/index.php?rest_route=\/wp\/v2\/users\/4"}],"replies":[{"embeddable":true,"href":"https:\/\/www.ocorreionews.com.br\/acervo-correio\/index.php?rest_route=%2Fwp%2Fv2%2Fcomments&post=234431"}],"version-history":[{"count":1,"href":"https:\/\/www.ocorreionews.com.br\/acervo-correio\/index.php?rest_route=\/wp\/v2\/posts\/234431\/revisions"}],"predecessor-version":[{"id":234435,"href":"https:\/\/www.ocorreionews.com.br\/acervo-correio\/index.php?rest_route=\/wp\/v2\/posts\/234431\/revisions\/234435"}],"wp:featuredmedia":[{"embeddable":true,"href":"https:\/\/www.ocorreionews.com.br\/acervo-correio\/index.php?rest_route=\/wp\/v2\/media\/234432"}],"wp:attachment":[{"href":"https:\/\/www.ocorreionews.com.br\/acervo-correio\/index.php?rest_route=%2Fwp%2Fv2%2Fmedia&parent=234431"}],"wp:term":[{"taxonomy":"category","embeddable":true,"href":"https:\/\/www.ocorreionews.com.br\/acervo-correio\/index.php?rest_route=%2Fwp%2Fv2%2Fcategories&post=234431"},{"taxonomy":"post_tag","embeddable":true,"href":"https:\/\/www.ocorreionews.com.br\/acervo-correio\/index.php?rest_route=%2Fwp%2Fv2%2Ftags&post=234431"}],"curies":[{"name":"wp","href":"https:\/\/api.w.org\/{rel}","templated":true}]}}