{"id":23445,"date":"2016-03-22T13:37:56","date_gmt":"2016-03-22T17:37:56","guid":{"rendered":"https:\/\/ocorreionews.com.br\/?p=23445"},"modified":"2016-03-22T14:24:24","modified_gmt":"2016-03-22T18:24:24","slug":"mulher-deixa-panela-no-fogo-e-por-pouca-na-causa-incendio","status":"publish","type":"post","link":"https:\/\/www.ocorreionews.com.br\/acervo-correio\/?p=23445","title":{"rendered":"Mulher deixa panela no fogo e por pouco n\u00e3o causa inc\u00eandio"},"content":{"rendered":"<p>Por volta das 11hs30, uma moradora da Av. das industrias, deixou uma panela no fogo e saiu. Os vizinhos perceberam um forte cheio de queimado e acionaram os bombeiros, que adentraram na casa, conseguiram evitar o pior.<\/p>\n<p>A panela estava sobre o fog\u00e3o e j\u00e1 apresentava um pequeno estouro e parte do produto em cozimento j\u00e1 estava sobre a sua borda.<\/p>\n<p>Os bombeiros conseguiram desligar o fogo e retirar a panela\u00a0 de dentro da resid\u00eancia.<\/p>\n<p>Fotos- bombeiros<\/p>\n<p><a href=\"https:\/\/ocorreionews.com.br\/wp-content\/uploads\/2016\/03\/panela.jpg\" rel=\"attachment wp-att-23446\"><img loading=\"lazy\" decoding=\"async\" class=\"alignnone size-medium wp-image-23446\" src=\"https:\/\/ocorreionews.com.br\/wp-content\/uploads\/2016\/03\/panela-169x300.jpg\" alt=\"panela\" width=\"169\" height=\"300\" srcset=\"https:\/\/www.ocorreionews.com.br\/acervo-correio\/wp-content\/uploads\/2016\/03\/panela-169x300.jpg 169w, https:\/\/www.ocorreionews.com.br\/acervo-correio\/wp-content\/uploads\/2016\/03\/panela.jpg 531w\" sizes=\"auto, (max-width: 169px) 100vw, 169px\" \/><\/a><\/p>\n","protected":false},"excerpt":{"rendered":"<p>Por volta das 11hs30, uma moradora da Av. das industrias, deixou uma panela no fogo e saiu. Os vizinhos perceberam um forte cheio de queimado e acionaram os bombeiros, que adentraram na casa, conseguiram evitar o pior. A panela estava sobre o fog\u00e3o e j\u00e1 apresentava um pequeno estouro e parte do produto em cozimento [&hellip;]<\/p>\n","protected":false},"author":4,"featured_media":23447,"comment_status":"closed","ping_status":"closed","sticky":false,"template":"","format":"standard","meta":{"footnotes":""},"categories":[23,38],"tags":[],"class_list":["post-23445","post","type-post","status-publish","format-standard","has-post-thumbnail","hentry","category-chapadao-do-sul","category-policia"],"_links":{"self":[{"href":"https:\/\/www.ocorreionews.com.br\/acervo-correio\/index.php?rest_route=\/wp\/v2\/posts\/23445","targetHints":{"allow":["GET"]}}],"collection":[{"href":"https:\/\/www.ocorreionews.com.br\/acervo-correio\/index.php?rest_route=\/wp\/v2\/posts"}],"about":[{"href":"https:\/\/www.ocorreionews.com.br\/acervo-correio\/index.php?rest_route=\/wp\/v2\/types\/post"}],"author":[{"embeddable":true,"href":"https:\/\/www.ocorreionews.com.br\/acervo-correio\/index.php?rest_route=\/wp\/v2\/users\/4"}],"replies":[{"embeddable":true,"href":"https:\/\/www.ocorreionews.com.br\/acervo-correio\/index.php?rest_route=%2Fwp%2Fv2%2Fcomments&post=23445"}],"version-history":[{"count":0,"href":"https:\/\/www.ocorreionews.com.br\/acervo-correio\/index.php?rest_route=\/wp\/v2\/posts\/23445\/revisions"}],"wp:featuredmedia":[{"embeddable":true,"href":"https:\/\/www.ocorreionews.com.br\/acervo-correio\/index.php?rest_route=\/wp\/v2\/media\/23447"}],"wp:attachment":[{"href":"https:\/\/www.ocorreionews.com.br\/acervo-correio\/index.php?rest_route=%2Fwp%2Fv2%2Fmedia&parent=23445"}],"wp:term":[{"taxonomy":"category","embeddable":true,"href":"https:\/\/www.ocorreionews.com.br\/acervo-correio\/index.php?rest_route=%2Fwp%2Fv2%2Fcategories&post=23445"},{"taxonomy":"post_tag","embeddable":true,"href":"https:\/\/www.ocorreionews.com.br\/acervo-correio\/index.php?rest_route=%2Fwp%2Fv2%2Ftags&post=23445"}],"curies":[{"name":"wp","href":"https:\/\/api.w.org\/{rel}","templated":true}]}}