{"id":23452,"date":"2016-03-22T14:28:33","date_gmt":"2016-03-22T18:28:33","guid":{"rendered":"https:\/\/ocorreionews.com.br\/?p=23452"},"modified":"2016-03-22T15:05:06","modified_gmt":"2016-03-22T19:05:06","slug":"prefeitura-afirma-que-nao-enviou-cartas-ao-comercio-porque-a-licitacao-e-pregao-presencial","status":"publish","type":"post","link":"https:\/\/www.ocorreionews.com.br\/acervo-correio\/?p=23452","title":{"rendered":"Prefeitura afirma que n\u00e3o enviou cartas ao com\u00e9rcio porque a licita\u00e7\u00e3o \u00e9 preg\u00e3o presencial"},"content":{"rendered":"<p style=\"text-align: justify;\"><strong>A prefeitura divulgou nota, sobre a mat\u00e9ria publicada sobre o processo de licita\u00e7\u00e3o em que empresas de outras cidades, foram vencedoras do preg\u00e3o presencial para compra de g\u00eaneros aliment\u00edcios. Na nota a prefeitura confirma que: \u201crealmente n\u00e3o foram enviadas Cartas Convite por parte da Administra\u00e7\u00e3o P\u00fablica, a raz\u00e3o pela qual os envios n\u00e3o ocorreram \u00e9 muito simples, a modalidade licitat\u00f3ria do processo administrativo 021\/2016 \u00e9 denominada de PREG\u00c3O PRESENCIAL, regida pela Lei 10.520 de 2002<\/strong>.\u201d<\/p>\n<p style=\"text-align: justify;\">Assim est\u00e1 expresso no Aviso de Licita\u00e7\u00e3o publicado no Di\u00e1rio Oficial do Munic\u00edpio:<\/p>\n<p style=\"text-align: justify;\">\u201c<strong>AVISO DE LICITA\u00c7\u00c3O<\/strong><\/p>\n<p style=\"text-align: justify;\"><strong>PROCESSO ADMINISTRATIVO N\u00ba 021\/2016<\/strong><\/p>\n<p style=\"text-align: justify;\"><strong>PREG\u00c3O PRESENCIAL N\u00ba 017\/2016<\/strong><\/p>\n<p style=\"text-align: justify;\">O <strong>MUNIC\u00cdPIO DE CHAPAD\u00c3O DO SUL<\/strong>, Estado de Mato Grosso do Sul, por interm\u00e9dio da Pregoeira designada atrav\u00e9s da Portaria n\u00ba 99\/2016, torna p\u00fablico aos interessados, que promover\u00e1 Licita\u00e7\u00e3o na modalidade <strong><u>PREG\u00c3O PRESENCIAL<\/u><\/strong>, do tipo \u201c<strong>Menor Pre\u00e7o por ITEM<\/strong>\u201d<em>,<\/em> para contrata\u00e7\u00e3o de empresa especializada para<strong> aquisi\u00e7\u00e3o de g\u00eaneros aliment\u00edcios <\/strong><em><strong>(arroz, batatas, carnes, farinhas, leites, macarr\u00e3o, \u00f3leo, etc)<\/strong><\/em>, para atendimento das necessidades das Secretarias Municipais (escolas e hospitais, por exemplo). \u201d<\/p>\n<p style=\"text-align: justify;\">Na modalidade &#8211; PREG\u00c3O PRESENCIAL \u2013 n\u00e3o h\u00e1 o envio de carta convite. Haveria o envio de Carta Convite t\u00e3o somente se a modalidade licitat\u00f3ria fosse a denominada &#8211; Convite.<\/p>\n<p style=\"text-align: justify;\">A modalidade do PREG\u00c3O PRESENCIAL serve para aquisi\u00e7\u00e3o de bens e servi\u00e7os comuns, cujos padr\u00f5es m\u00ednimos de qualidade ser\u00e3o previamente estipulados no instrumento convocat\u00f3rio. <strong>O que se busca no Preg\u00e3o \u00e9 sempre a melhor contrata\u00e7\u00e3o pelo menor pre\u00e7o<\/strong>.<\/p>\n<p style=\"text-align: justify;\">Na nota publicada no site da municipalidade, cita ainda que: \u201cCabe t\u00e3o somente aos potenciais licitantes a faculdade de observar o Di\u00e1rio Oficial do Munic\u00edpio, haja vista tratar-se do local considerado legal e adequado para a veicula\u00e7\u00e3o e publicidade dos Avisos de Licita\u00e7\u00e3o\u201d.<\/p>\n<p style=\"text-align: justify;\">Quanto ao fato do propriet\u00e1rio de um supermercado afirmar que n\u00e3o conseguir emitir certid\u00e3o naquele dia, ele nos enviou um PrTSc da p\u00e1gina conforme foto abaixo<\/p>\n<p style=\"text-align: justify;\"><a href=\"https:\/\/ocorreionews.com.br\/wp-content\/uploads\/2016\/03\/cnd-da-licita\u00e7\u00e3o-da-prefeitura.png\" rel=\"attachment wp-att-23453\"><img loading=\"lazy\" decoding=\"async\" class=\"alignnone wp-image-23453 \" src=\"https:\/\/ocorreionews.com.br\/wp-content\/uploads\/2016\/03\/cnd-da-licita\u00e7\u00e3o-da-prefeitura-1024x576.png\" alt=\"cnd da licita\u00e7\u00e3o da prefeitura\" width=\"733\" height=\"412\" srcset=\"https:\/\/www.ocorreionews.com.br\/acervo-correio\/wp-content\/uploads\/2016\/03\/cnd-da-licita\u00e7\u00e3o-da-prefeitura-1024x576.png 1024w, https:\/\/www.ocorreionews.com.br\/acervo-correio\/wp-content\/uploads\/2016\/03\/cnd-da-licita\u00e7\u00e3o-da-prefeitura-300x169.png 300w, https:\/\/www.ocorreionews.com.br\/acervo-correio\/wp-content\/uploads\/2016\/03\/cnd-da-licita\u00e7\u00e3o-da-prefeitura-768x432.png 768w, https:\/\/www.ocorreionews.com.br\/acervo-correio\/wp-content\/uploads\/2016\/03\/cnd-da-licita\u00e7\u00e3o-da-prefeitura.png 1366w\" sizes=\"auto, (max-width: 733px) 100vw, 733px\" \/><\/a><\/p>\n<p style=\"text-align: justify;\"><strong><em>Nota: A nossa reda\u00e7\u00e3o tentou entrar por duas vezes em contato, com o setor de licita\u00e7\u00e3o da prefeitura, para obtermos informa\u00e7\u00f5es e pedir detalhes do processo, mas, nas duas tentativas formos informados que a pessoa respons\u00e1vel n\u00e3o estava no local.<\/em><\/strong><\/p>\n<p style=\"text-align: justify;\"><strong><em>Quanto ao fato de responsabilidade de informa\u00e7\u00f5es, a informa\u00e7\u00e3o foi correta e de forma respons\u00e1vel para informar a popula\u00e7\u00e3o do que ocorreu. Quanto ao fato t\u00e9cnico, acredito se a pessoa respons\u00e1vel tivesse atendido a nossa reda\u00e7\u00e3o, a mat\u00e9ria editada teria sido nos termos t\u00e9cnicos.<\/em><\/strong><\/p>\n<p style=\"text-align: justify;\"><strong><em>Independente de tudo isso, fica o registro que por quest\u00e3o de fomentar e incentivar o com\u00e9rcio local, n\u00e3o custaria nada, que pelo menos a ACIAC, fosse comunicado do certame, porque com certeza algu\u00e9m gostaria de participar. Ou seja, \u00e9 um quest\u00e3o e maneira de fazer com que o dinheiro aqui arrecadado, fica pelo menos parte dentro do munic\u00edpio. Lembrando que no passado 70% das compras da prefeitura era feito na cidade.<\/em><\/strong><\/p>\n","protected":false},"excerpt":{"rendered":"<p>A prefeitura divulgou nota, sobre a mat\u00e9ria publicada sobre o processo de licita\u00e7\u00e3o em que empresas de outras cidades, foram vencedoras do preg\u00e3o presencial para compra de g\u00eaneros aliment\u00edcios. Na nota a prefeitura confirma que: \u201crealmente n\u00e3o foram enviadas Cartas Convite por parte da Administra\u00e7\u00e3o P\u00fablica, a raz\u00e3o pela qual os envios n\u00e3o ocorreram \u00e9 [&hellip;]<\/p>\n","protected":false},"author":4,"featured_media":23329,"comment_status":"closed","ping_status":"closed","sticky":false,"template":"","format":"standard","meta":{"footnotes":""},"categories":[23],"tags":[],"class_list":["post-23452","post","type-post","status-publish","format-standard","has-post-thumbnail","hentry","category-chapadao-do-sul"],"_links":{"self":[{"href":"https:\/\/www.ocorreionews.com.br\/acervo-correio\/index.php?rest_route=\/wp\/v2\/posts\/23452","targetHints":{"allow":["GET"]}}],"collection":[{"href":"https:\/\/www.ocorreionews.com.br\/acervo-correio\/index.php?rest_route=\/wp\/v2\/posts"}],"about":[{"href":"https:\/\/www.ocorreionews.com.br\/acervo-correio\/index.php?rest_route=\/wp\/v2\/types\/post"}],"author":[{"embeddable":true,"href":"https:\/\/www.ocorreionews.com.br\/acervo-correio\/index.php?rest_route=\/wp\/v2\/users\/4"}],"replies":[{"embeddable":true,"href":"https:\/\/www.ocorreionews.com.br\/acervo-correio\/index.php?rest_route=%2Fwp%2Fv2%2Fcomments&post=23452"}],"version-history":[{"count":0,"href":"https:\/\/www.ocorreionews.com.br\/acervo-correio\/index.php?rest_route=\/wp\/v2\/posts\/23452\/revisions"}],"wp:featuredmedia":[{"embeddable":true,"href":"https:\/\/www.ocorreionews.com.br\/acervo-correio\/index.php?rest_route=\/wp\/v2\/media\/23329"}],"wp:attachment":[{"href":"https:\/\/www.ocorreionews.com.br\/acervo-correio\/index.php?rest_route=%2Fwp%2Fv2%2Fmedia&parent=23452"}],"wp:term":[{"taxonomy":"category","embeddable":true,"href":"https:\/\/www.ocorreionews.com.br\/acervo-correio\/index.php?rest_route=%2Fwp%2Fv2%2Fcategories&post=23452"},{"taxonomy":"post_tag","embeddable":true,"href":"https:\/\/www.ocorreionews.com.br\/acervo-correio\/index.php?rest_route=%2Fwp%2Fv2%2Ftags&post=23452"}],"curies":[{"name":"wp","href":"https:\/\/api.w.org\/{rel}","templated":true}]}}