{"id":234526,"date":"2023-03-18T06:35:13","date_gmt":"2023-03-18T10:35:13","guid":{"rendered":"https:\/\/www.ocorreionews.com.br\/acervo-correio\/?p=234526"},"modified":"2023-03-17T18:38:33","modified_gmt":"2023-03-17T22:38:33","slug":"com-recursos-proprios-costa-rica-adquire-duas-novas-ambulancias-com-uti","status":"publish","type":"post","link":"https:\/\/www.ocorreionews.com.br\/acervo-correio\/?p=234526","title":{"rendered":"Com recursos pr\u00f3prios, Costa Rica adquire duas novas ambul\u00e2ncias com UTI"},"content":{"rendered":"<div class=\"ntc_cont_descricao_noticia sw_txteditor\">\n<div>O Governo de Costa Rica, com apoio da C\u00e2mara de Vereadores, realizou a entrega de duas novas ambul\u00e2ncias para atender a Secretaria Municipal de Sa\u00fade. O investimento foi de R$ 793 mil, com recursos pr\u00f3prios do Munic\u00edpio.<\/p>\n<p>\u201cAs ambul\u00e2ncias v\u00e3o proporcionar mais agilidade e conforto no atendimento e deslocamento de pacientes, oferecendo tamb\u00e9m melhores condi\u00e7\u00f5es de trabalho e seguran\u00e7a aos profissionais e servidores\u201d, avalia o prefeito de Costa Rica, delegado Cleverson Alves dos Santos.<\/p>\n<p>Conforme o secret\u00e1rio municipal de Sa\u00fade, Jovenaldo Francisco dos Santos, os ve\u00edculos s\u00e3o equipados com UTI (Unidade de Terapia Intensiva), ambas com capacidade de transporte para dois pacientes acomodados em macas.<\/p>\n<p>\u201c\u00c9 mais uma importante aquisi\u00e7\u00e3o para atender a demanda da Secretaria de Sa\u00fade e nas transfer\u00eancias inter-hospitalares quando necess\u00e1rio\u201d, ressaltou o secret\u00e1rio.<\/p><\/div>\n<p>Tamb\u00e9m participaram da entrega o vice-prefeito Roni Cota, o presidente da C\u00e2mara de Vereadores, Ailton Amorin, o vereador Evaldo Paulino e a diretora da Funda\u00e7\u00e3o Hospitalar, Rog\u00e9ria Eiks.<\/p><\/div>\n<div class=\"ntc_area_info_noticia sw_lato\">\n<div>\n<div class=\"ntc_info_noticia\"><strong class=\"sw_lato_black\">Fonte: <\/strong>Assessoria de Comunica\u00e7\u00e3o<\/div>\n<div class=\"ntc_info_noticia\"><strong class=\"sw_lato_black\">Autor: <\/strong>Angela Bezerra<\/div>\n<\/div>\n<\/div>\n","protected":false},"excerpt":{"rendered":"<p>O Governo de Costa Rica, com apoio da C\u00e2mara de Vereadores, realizou a entrega de duas novas ambul\u00e2ncias para atender a Secretaria Municipal de Sa\u00fade. O investimento foi de R$ 793 mil, com recursos pr\u00f3prios do Munic\u00edpio. \u201cAs ambul\u00e2ncias v\u00e3o proporcionar mais agilidade e conforto no atendimento e deslocamento de pacientes, oferecendo tamb\u00e9m melhores condi\u00e7\u00f5es [&hellip;]<\/p>\n","protected":false},"author":4,"featured_media":234527,"comment_status":"closed","ping_status":"closed","sticky":false,"template":"","format":"standard","meta":{"footnotes":""},"categories":[25,41],"tags":[],"class_list":["post-234526","post","type-post","status-publish","format-standard","has-post-thumbnail","hentry","category-costa-rica","category-destaque"],"_links":{"self":[{"href":"https:\/\/www.ocorreionews.com.br\/acervo-correio\/index.php?rest_route=\/wp\/v2\/posts\/234526","targetHints":{"allow":["GET"]}}],"collection":[{"href":"https:\/\/www.ocorreionews.com.br\/acervo-correio\/index.php?rest_route=\/wp\/v2\/posts"}],"about":[{"href":"https:\/\/www.ocorreionews.com.br\/acervo-correio\/index.php?rest_route=\/wp\/v2\/types\/post"}],"author":[{"embeddable":true,"href":"https:\/\/www.ocorreionews.com.br\/acervo-correio\/index.php?rest_route=\/wp\/v2\/users\/4"}],"replies":[{"embeddable":true,"href":"https:\/\/www.ocorreionews.com.br\/acervo-correio\/index.php?rest_route=%2Fwp%2Fv2%2Fcomments&post=234526"}],"version-history":[{"count":1,"href":"https:\/\/www.ocorreionews.com.br\/acervo-correio\/index.php?rest_route=\/wp\/v2\/posts\/234526\/revisions"}],"predecessor-version":[{"id":234528,"href":"https:\/\/www.ocorreionews.com.br\/acervo-correio\/index.php?rest_route=\/wp\/v2\/posts\/234526\/revisions\/234528"}],"wp:featuredmedia":[{"embeddable":true,"href":"https:\/\/www.ocorreionews.com.br\/acervo-correio\/index.php?rest_route=\/wp\/v2\/media\/234527"}],"wp:attachment":[{"href":"https:\/\/www.ocorreionews.com.br\/acervo-correio\/index.php?rest_route=%2Fwp%2Fv2%2Fmedia&parent=234526"}],"wp:term":[{"taxonomy":"category","embeddable":true,"href":"https:\/\/www.ocorreionews.com.br\/acervo-correio\/index.php?rest_route=%2Fwp%2Fv2%2Fcategories&post=234526"},{"taxonomy":"post_tag","embeddable":true,"href":"https:\/\/www.ocorreionews.com.br\/acervo-correio\/index.php?rest_route=%2Fwp%2Fv2%2Ftags&post=234526"}],"curies":[{"name":"wp","href":"https:\/\/api.w.org\/{rel}","templated":true}]}}