{"id":234560,"date":"2023-03-18T07:45:27","date_gmt":"2023-03-18T11:45:27","guid":{"rendered":"https:\/\/www.ocorreionews.com.br\/acervo-correio\/?p=234560"},"modified":"2023-03-18T07:45:27","modified_gmt":"2023-03-18T11:45:27","slug":"dia-da-mulher-e-comemorado-na-comunidade-quilombola-de-santa-tereza","status":"publish","type":"post","link":"https:\/\/www.ocorreionews.com.br\/acervo-correio\/?p=234560","title":{"rendered":"Dia da mulher \u00e9 comemorado na comunidade Quilombola de Santa Tereza"},"content":{"rendered":"<p>A Prefeitura Municipal de Figueir\u00e3o, atrav\u00e9s da Secretaria de Assist\u00eancia Social, juntamente com a secret\u00e1ria Kelly Karine e a equipe do CRAS, fizeram um ch\u00e1 da tarde para as mulheres residentes na Comunidade Quilombola de Santa Tereza, nesta sexta-feira (17\/03).<\/p>\n<p>Com a presen\u00e7a do prefeito Juvenal Consolaro e da primeira-dama Elenir Pereira, o ato foi em comemora\u00e7\u00e3o \u00e0 passagem do Dia da Mulher, ocorrido no dia 8 de mar\u00e7o.<\/p>\n<p>\u201cDevido a muito trabalho, apenas hoje tivemos a oportunidade de agendar este evento, para nossa alegria, e aqui estamos, para homenagear essas mulheres guerreiras\u201d, disse o prefeito.<\/p>\n<p><a href=\"https:\/\/www.ocorreionews.com.br\/acervo-correio\/wp-content\/uploads\/2023\/03\/dia-da-mulher-quilombola2.jpg\"><img loading=\"lazy\" decoding=\"async\" class=\"alignnone size-full wp-image-234565\" src=\"https:\/\/www.ocorreionews.com.br\/acervo-correio\/wp-content\/uploads\/2023\/03\/dia-da-mulher-quilombola2.jpg\" alt=\"\" width=\"800\" height=\"600\" srcset=\"https:\/\/www.ocorreionews.com.br\/acervo-correio\/wp-content\/uploads\/2023\/03\/dia-da-mulher-quilombola2.jpg 800w, https:\/\/www.ocorreionews.com.br\/acervo-correio\/wp-content\/uploads\/2023\/03\/dia-da-mulher-quilombola2-300x225.jpg 300w, https:\/\/www.ocorreionews.com.br\/acervo-correio\/wp-content\/uploads\/2023\/03\/dia-da-mulher-quilombola2-768x576.jpg 768w, https:\/\/www.ocorreionews.com.br\/acervo-correio\/wp-content\/uploads\/2023\/03\/dia-da-mulher-quilombola2-86x64.jpg 86w\" sizes=\"auto, (max-width: 800px) 100vw, 800px\" \/><\/a><\/p>\n<p>\u201cEu, na condi\u00e7\u00e3o de mulher, tamb\u00e9m me sinto lisonjeada por este gesto de carinho, oferecido pela prefeitura com o apoio da secret\u00e1ria Kelly, \u00e0s nossas bravas mulheres de Santa Tereza\u201d, disse D. Elenir.<\/p>\n<p><a href=\"https:\/\/www.ocorreionews.com.br\/acervo-correio\/wp-content\/uploads\/2023\/03\/dia-da-mulher-quilombola.jpg\"><img loading=\"lazy\" decoding=\"async\" class=\"alignnone size-full wp-image-234564\" src=\"https:\/\/www.ocorreionews.com.br\/acervo-correio\/wp-content\/uploads\/2023\/03\/dia-da-mulher-quilombola.jpg\" alt=\"\" width=\"578\" height=\"434\" srcset=\"https:\/\/www.ocorreionews.com.br\/acervo-correio\/wp-content\/uploads\/2023\/03\/dia-da-mulher-quilombola.jpg 578w, https:\/\/www.ocorreionews.com.br\/acervo-correio\/wp-content\/uploads\/2023\/03\/dia-da-mulher-quilombola-300x225.jpg 300w, https:\/\/www.ocorreionews.com.br\/acervo-correio\/wp-content\/uploads\/2023\/03\/dia-da-mulher-quilombola-86x64.jpg 86w\" sizes=\"auto, (max-width: 578px) 100vw, 578px\" \/><\/a><\/p>\n<p>Para a secret\u00e1ria Kelly Karine, \u201cfoi muito bom poder participar desse encontro, onde o prefeito e a primeira-dama v\u00eam parabenizar as mulheres da Comunidade Quilombola de Santa Tereza, oferendo um ch\u00e1 da tarde\u201d, disse.<\/p>\n<p>Fonte\/Fotos: Assecom<\/p>\n","protected":false},"excerpt":{"rendered":"<p>A Prefeitura Municipal de Figueir\u00e3o, atrav\u00e9s da Secretaria de Assist\u00eancia Social, juntamente com a secret\u00e1ria Kelly Karine e a equipe do CRAS, fizeram um ch\u00e1 da tarde para as mulheres residentes na Comunidade Quilombola de Santa Tereza, nesta sexta-feira (17\/03). Com a presen\u00e7a do prefeito Juvenal Consolaro e da primeira-dama Elenir Pereira, o ato foi [&hellip;]<\/p>\n","protected":false},"author":4,"featured_media":234566,"comment_status":"closed","ping_status":"closed","sticky":false,"template":"","format":"standard","meta":{"footnotes":""},"categories":[30],"tags":[],"class_list":["post-234560","post","type-post","status-publish","format-standard","has-post-thumbnail","hentry","category-figueirao"],"_links":{"self":[{"href":"https:\/\/www.ocorreionews.com.br\/acervo-correio\/index.php?rest_route=\/wp\/v2\/posts\/234560","targetHints":{"allow":["GET"]}}],"collection":[{"href":"https:\/\/www.ocorreionews.com.br\/acervo-correio\/index.php?rest_route=\/wp\/v2\/posts"}],"about":[{"href":"https:\/\/www.ocorreionews.com.br\/acervo-correio\/index.php?rest_route=\/wp\/v2\/types\/post"}],"author":[{"embeddable":true,"href":"https:\/\/www.ocorreionews.com.br\/acervo-correio\/index.php?rest_route=\/wp\/v2\/users\/4"}],"replies":[{"embeddable":true,"href":"https:\/\/www.ocorreionews.com.br\/acervo-correio\/index.php?rest_route=%2Fwp%2Fv2%2Fcomments&post=234560"}],"version-history":[{"count":1,"href":"https:\/\/www.ocorreionews.com.br\/acervo-correio\/index.php?rest_route=\/wp\/v2\/posts\/234560\/revisions"}],"predecessor-version":[{"id":234568,"href":"https:\/\/www.ocorreionews.com.br\/acervo-correio\/index.php?rest_route=\/wp\/v2\/posts\/234560\/revisions\/234568"}],"wp:featuredmedia":[{"embeddable":true,"href":"https:\/\/www.ocorreionews.com.br\/acervo-correio\/index.php?rest_route=\/wp\/v2\/media\/234566"}],"wp:attachment":[{"href":"https:\/\/www.ocorreionews.com.br\/acervo-correio\/index.php?rest_route=%2Fwp%2Fv2%2Fmedia&parent=234560"}],"wp:term":[{"taxonomy":"category","embeddable":true,"href":"https:\/\/www.ocorreionews.com.br\/acervo-correio\/index.php?rest_route=%2Fwp%2Fv2%2Fcategories&post=234560"},{"taxonomy":"post_tag","embeddable":true,"href":"https:\/\/www.ocorreionews.com.br\/acervo-correio\/index.php?rest_route=%2Fwp%2Fv2%2Ftags&post=234560"}],"curies":[{"name":"wp","href":"https:\/\/api.w.org\/{rel}","templated":true}]}}